{"id":21191,"date":"2016-10-07T08:22:16","date_gmt":"2016-10-07T11:22:16","guid":{"rendered":"http:\/\/www.sincomam.org.br\/?p=21191"},"modified":"2016-10-07T08:22:16","modified_gmt":"2016-10-07T11:22:16","slug":"emprego-na-industria-cai-04-em-agosto-ante-julho-e-tem-19a-queda-consecutiva","status":"publish","type":"post","link":"https:\/\/www.sincomam.org.br\/index.php\/emprego-na-industria-cai-04-em-agosto-ante-julho-e-tem-19a-queda-consecutiva\/","title":{"rendered":"Emprego na ind\u00fastria cai 0,4% em agosto ante julho e tem 19\u00aa queda consecutiva"},"content":{"rendered":"<p>O emprego na ind\u00fastria caiu pelo 19\u00ba m\u00eas consecutivo e atingiu o menor patamar desde novembro de 2004, de acordo com a Confedera\u00e7\u00e3o Nacional da Ind\u00fastria (CNI). O emprego caiu 0,4% em agosto ante julho, com ajuste, e recuou 6,8% na compara\u00e7\u00e3o com agosto do ano passado, conforme dados da pesquisa Indicadores Industriais da entidade. No acumulado do ano, o emprego registra queda de 8,7%.<\/p>\n<p>Segundo a pesquisa, praticamente todos os indicadores de atividade industrial registraram queda em agosto, exceto a utiliza\u00e7\u00e3o da capacidade instalada. Na avalia\u00e7\u00e3o da CNI, a retra\u00e7\u00e3o do emprego mostra que a ind\u00fastria continua em ciclo recessivo.<\/p>\n<p>O faturamento real caiu 3,9% ante julho, com ajuste, e 12% na compara\u00e7\u00e3o com agosto de 2015. No acumulado do ano, o faturamento registra queda de 12,1%. A utiliza\u00e7\u00e3o da capacidade instalada (UCI) ficou em 77,1%, ante 76,8% em julho e 77,9% em agosto de 2015, conforme os dados dessazonalizados.<br \/>As horas trabalhadas registraram recuo de 3,2% ante julho, com ajuste, e de 5,4% na compara\u00e7\u00e3o com agosto do ano passado. No acumulado do ano, houve queda de 8,8%.<\/p>\n<p>A massa salarial real teve queda de 0,6% ante julho, com ajuste, e de 8,6% ante agosto de 2015. No acumulado do ano, houve recuo de 9,7%.<br \/>O rendimento m\u00e9dio real teve queda de 0,3% na compara\u00e7\u00e3o com julho, com ajuste, e de 1,9% na compara\u00e7\u00e3o com agosto. No acumulado do ano, houve recuo de 1,1%.<\/p>\n<p>Fonte: Estad\u00e3o<\/p>\n","protected":false},"excerpt":{"rendered":"<p>O emprego na ind\u00fastria caiu pelo 19\u00ba m\u00eas consecutivo e atingiu o menor patamar desde novembro de 2004, de acordo com a Confedera\u00e7\u00e3o Nacional da&#8230;<\/p>\n","protected":false},"author":1182,"featured_media":19391,"comment_status":"closed","ping_status":"closed","sticky":false,"template":"","format":"standard","meta":{"footnotes":""},"categories":[6],"tags":[],"class_list":["post-21191","post","type-post","status-publish","format-standard","has-post-thumbnail","hentry","category-noticias"],"_links":{"self":[{"href":"https:\/\/www.sincomam.org.br\/index.php\/wp-json\/wp\/v2\/posts\/21191","targetHints":{"allow":["GET"]}}],"collection":[{"href":"https:\/\/www.sincomam.org.br\/index.php\/wp-json\/wp\/v2\/posts"}],"about":[{"href":"https:\/\/www.sincomam.org.br\/index.php\/wp-json\/wp\/v2\/types\/post"}],"author":[{"embeddable":true,"href":"https:\/\/www.sincomam.org.br\/index.php\/wp-json\/wp\/v2\/users\/1182"}],"replies":[{"embeddable":true,"href":"https:\/\/www.sincomam.org.br\/index.php\/wp-json\/wp\/v2\/comments?post=21191"}],"version-history":[{"count":1,"href":"https:\/\/www.sincomam.org.br\/index.php\/wp-json\/wp\/v2\/posts\/21191\/revisions"}],"predecessor-version":[{"id":21192,"href":"https:\/\/www.sincomam.org.br\/index.php\/wp-json\/wp\/v2\/posts\/21191\/revisions\/21192"}],"wp:featuredmedia":[{"embeddable":true,"href":"https:\/\/www.sincomam.org.br\/index.php\/wp-json\/wp\/v2\/media\/19391"}],"wp:attachment":[{"href":"https:\/\/www.sincomam.org.br\/index.php\/wp-json\/wp\/v2\/media?parent=21191"}],"wp:term":[{"taxonomy":"category","embeddable":true,"href":"https:\/\/www.sincomam.org.br\/index.php\/wp-json\/wp\/v2\/categories?post=21191"},{"taxonomy":"post_tag","embeddable":true,"href":"https:\/\/www.sincomam.org.br\/index.php\/wp-json\/wp\/v2\/tags?post=21191"}],"curies":[{"name":"wp","href":"https:\/\/api.w.org\/{rel}","templated":true}]}}