{"id":21189,"date":"2016-10-07T08:20:49","date_gmt":"2016-10-07T11:20:49","guid":{"rendered":"http:\/\/www.sincomam.org.br\/?p=21189"},"modified":"2016-10-07T08:20:49","modified_gmt":"2016-10-07T11:20:49","slug":"plano-de-negocios-da-petrobras-nao-pode-sofrer-imposicoes-defende-moreira-franco","status":"publish","type":"post","link":"https:\/\/www.sincomam.org.br\/index.php\/plano-de-negocios-da-petrobras-nao-pode-sofrer-imposicoes-defende-moreira-franco\/","title":{"rendered":"Plano de neg\u00f3cios da Petrobr\u00e1s n\u00e3o pode sofrer imposi\u00e7\u00f5es, defende Moreira Franco"},"content":{"rendered":"<p>Ap\u00f3s a aprova\u00e7\u00e3o na C\u00e2mara dos Deputados do texto principal do projeto do pr\u00e9-sal, o secret\u00e1rio do Programa de Parcerias e Investimentos (PPI), Moreira Franco, disse que o governo j\u00e1 est\u00e1 preparado para assinar novos contratos dentro do novo modelo. &#8220;Mais do que isso, n\u00f3s j\u00e1 vamos assinar contratos, \u00e9 s\u00f3 o presidente voltar da viagem que vamos ter isso&#8221;, respondeu Moreira ao ser questionado sobre a previs\u00e3o da realiza\u00e7\u00e3o de novos leil\u00f5es. O presidente Michel Temer tem na pr\u00f3xima semana viagem marcada para a \u00cdndia.<\/p>\n<p>Moreira disse que a aprova\u00e7\u00e3o do projeto abre a possibilidade de o Pa\u00eds viver um ambiente regulat\u00f3rio totalmente diferente do atual, &#8220;mais objetivo e mais realista&#8221;, adequado aos interesses da Petrobr\u00e1s. &#8220;A Petrobr\u00e1s tem de ter o direito de optar. Ela n\u00e3o pode ser obrigada por uma lei ou qualquer tipo de imposi\u00e7\u00e3o a condicionar seu plano de neg\u00f3cios a outras demandas, outras press\u00f5es, e n\u00e3o seus pr\u00f3prios interesses como empresa&#8221;, declarou o secret\u00e1rio, ap\u00f3s participar de uma solenidade na C\u00e2mara em homenagem aos 100 anos do ex-presidente da Casa, deputado Ulysses Guimar\u00e3es.<\/p>\n<p>O secret\u00e1rio insistiu que era &#8220;inaceit\u00e1vel&#8221; uma legisla\u00e7\u00e3o intervir no plano de neg\u00f3cios da estatal, obrigada a investir em 30% no pr\u00e9-sal e ser a operadora, abrindo m\u00e3o da implementa\u00e7\u00e3o do plano de neg\u00f3cios. &#8220;N\u00f3s precisamos organizar a sociedade brasileira do ponto de vista econ\u00f4mico e legal, com pol\u00edticas que tragam a sociedade para o s\u00e9culo 21. E isso n\u00e3o era compat\u00edvel com a realidade do Brasil e do mundo&#8221;, afirmou. Moreira prev\u00ea que a aprova\u00e7\u00e3o do projeto vai gerar um grande est\u00edmulo \u00e0 economia brasileira devido o peso da Petrobr\u00e1s no PIB nacional.<\/p>\n<p>Moreira minimizou as seis horas de obstru\u00e7\u00e3o da oposi\u00e7\u00e3o na sess\u00e3o de vota\u00e7\u00e3o do projeto ontem. Com as manobras, o plen\u00e1rio conseguiu aprovar apenas o texto base da proposta e os destaques &#8211; que podem alterar o texto vindo do Senado &#8211; s\u00f3 devem ser votados na pr\u00f3xima semana. O secret\u00e1rio disse que j\u00e1 viu em outras ocasi\u00f5es problemas de encaminhamento de propostas e sess\u00f5es mais longas.<\/p>\n<p>Fonte: Estad\u00e3o<\/p>\n","protected":false},"excerpt":{"rendered":"<p>Ap\u00f3s a aprova\u00e7\u00e3o na C\u00e2mara dos Deputados do texto principal do projeto do pr\u00e9-sal, o secret\u00e1rio do Programa de Parcerias e Investimentos (PPI), Moreira Franco,&#8230;<\/p>\n","protected":false},"author":1182,"featured_media":20996,"comment_status":"closed","ping_status":"closed","sticky":false,"template":"","format":"standard","meta":{"footnotes":""},"categories":[6],"tags":[],"class_list":["post-21189","post","type-post","status-publish","format-standard","has-post-thumbnail","hentry","category-noticias"],"_links":{"self":[{"href":"https:\/\/www.sincomam.org.br\/index.php\/wp-json\/wp\/v2\/posts\/21189","targetHints":{"allow":["GET"]}}],"collection":[{"href":"https:\/\/www.sincomam.org.br\/index.php\/wp-json\/wp\/v2\/posts"}],"about":[{"href":"https:\/\/www.sincomam.org.br\/index.php\/wp-json\/wp\/v2\/types\/post"}],"author":[{"embeddable":true,"href":"https:\/\/www.sincomam.org.br\/index.php\/wp-json\/wp\/v2\/users\/1182"}],"replies":[{"embeddable":true,"href":"https:\/\/www.sincomam.org.br\/index.php\/wp-json\/wp\/v2\/comments?post=21189"}],"version-history":[{"count":1,"href":"https:\/\/www.sincomam.org.br\/index.php\/wp-json\/wp\/v2\/posts\/21189\/revisions"}],"predecessor-version":[{"id":21190,"href":"https:\/\/www.sincomam.org.br\/index.php\/wp-json\/wp\/v2\/posts\/21189\/revisions\/21190"}],"wp:featuredmedia":[{"embeddable":true,"href":"https:\/\/www.sincomam.org.br\/index.php\/wp-json\/wp\/v2\/media\/20996"}],"wp:attachment":[{"href":"https:\/\/www.sincomam.org.br\/index.php\/wp-json\/wp\/v2\/media?parent=21189"}],"wp:term":[{"taxonomy":"category","embeddable":true,"href":"https:\/\/www.sincomam.org.br\/index.php\/wp-json\/wp\/v2\/categories?post=21189"},{"taxonomy":"post_tag","embeddable":true,"href":"https:\/\/www.sincomam.org.br\/index.php\/wp-json\/wp\/v2\/tags?post=21189"}],"curies":[{"name":"wp","href":"https:\/\/api.w.org\/{rel}","templated":true}]}}