{"id":21183,"date":"2016-10-07T08:14:52","date_gmt":"2016-10-07T11:14:52","guid":{"rendered":"http:\/\/www.sincomam.org.br\/?p=21183"},"modified":"2016-10-07T08:14:52","modified_gmt":"2016-10-07T11:14:52","slug":"doria-infla-numeros-para-justificar-privatizacao-do-pacaembu","status":"publish","type":"post","link":"https:\/\/www.sincomam.org.br\/index.php\/doria-infla-numeros-para-justificar-privatizacao-do-pacaembu\/","title":{"rendered":"Doria infla n\u00fameros para justificar privatiza\u00e7\u00e3o do Pacaembu"},"content":{"rendered":"<p>Para justificar a sua inten\u00e7\u00e3o de conceder o Pacaembu \u00e0 iniciativa privada, o prefeito eleito de S\u00e3o Paulo, Jo\u00e3o Doria (PSDB), alega que o est\u00e1dio custa, a cada quatro anos, R$ 40 milh\u00f5es aos cofres p\u00fablicos.<\/p>\n<p>Dados da Secretaria Municipal de Esportes, Lazer e Recrea\u00e7\u00e3o (SEME), respons\u00e1vel pela administra\u00e7\u00e3o do est\u00e1dio, repassados ao Estado, por\u00e9m, mostram que os custos de manuten\u00e7\u00e3o do Paulo Machado de Carvalho s\u00e3o bem menores do que os apresentados por Doria.<\/p>\n<p>Segundo a secretaria, de janeiro de 2012 a julho de 2016, as despesas do est\u00e1dio somaram R$ 26,8 milh\u00f5es. As receitas no per\u00edodo foram de R$ 15,4 milh\u00f5es, totalizando R$ 11,3 milh\u00f5es de d\u00e9ficit.<\/p>\n<p>Em entrevista ao jornal O Estado de S.Paulo na \u00faltima ter\u00e7a-feira, dois dias ap\u00f3s ser eleito, Doria disse que o Pacaembu representa, a cada quatro anos, R$ 40 milh\u00f5es de despesa.<\/p>\n<p>&#8220;\u00c9 um dinheiro substantivo. O programa de desestatiza\u00e7\u00e3o tem como primeiro fator a redu\u00e7\u00e3o de despesas. O outro \u00e9 a gera\u00e7\u00e3o de receita&#8221;, afirmou.<\/p>\n<p>Nos \u00faltimos cinco anos, a m\u00e9dia anual de despesas do Pacaembu foi de R$ 4,8 milh\u00f5es. Em 2013, o valor subiu para R$ 7,5 milh\u00f5es por causa de obra na piscina, nos banheiros, vesti\u00e1rios e troca de filtros.<\/p>\n<p>Nas contas de Jo\u00e3o Doria, a m\u00e9dia anual de despesas do est\u00e1dio municipal \u00e9 de R$ 10 milh\u00f5es. No ano passado, a gest\u00e3o de Fernando Haddad (PT) abriu processo de concess\u00e3o e chegou a receber tr\u00eas propostas para moderniza\u00e7\u00e3o do Pacaembu, mas o projeto n\u00e3o avan\u00e7ou.<\/p>\n<p>A ideia de Doria \u00e9 que a concess\u00e3o dure entre 10 ou 15 anos. O tucano defende que o nome do est\u00e1dio continue Paulo Machado de Carvalho e que n\u00e3o seja trocado pelo de patrocinadores.<\/p>\n<p>Ou seja, o &#8220;novo Pacaembu&#8221; n\u00e3o teria &#8220;naming rights&#8221;. O prefeito eleito pretende que o est\u00e1dio seja usado apenas para partidas de futebol e n\u00e3o shows ou realiza\u00e7\u00e3o de cultos religiosos de igrejas da cidade.<\/p>\n<p>Apesar de Corinthians, S\u00e3o Paulo e Palmeiras j\u00e1 terem est\u00e1dios pr\u00f3prios, e do Santos possuir um projeto de constru\u00e7\u00e3o de arena na Baixada Santista, al\u00e9m da Vila Belmiro, o tucano acredita que n\u00e3o \u00e9 preciso que um clube administre o Pacaembu e aposta que uma empresa possa assumir o local em 2017.<\/p>\n<p>O n\u00famero de partidas realizadas no Pacaembu caiu desde a inaugura\u00e7\u00e3o do Itaquer\u00e3o (do Corinthians) e do Allianz Parque (do Palmeiras), em 2014. No ano passado, o est\u00e1dio recebeu apenas 13 jogos &#8211; em 2013, foram 73. Esse ano, a quantidade aumentou para 23, incluindo uma partida da sele\u00e7\u00e3o brasileira masculina de r\u00fagbi.<\/p>\n<p>O Flamengo, ap\u00f3s o fechamento do Maracan\u00e3 por causa dos Jogos Ol\u00edmpicos, atuar\u00e1 neste domingo, diante do Santa Cruz, pela terceira vez no ano no est\u00e1dio municipal. Antes, enfrentou Fluminense e Figueirense no local.<\/p>\n<p>Na pr\u00f3xima quinta-feira, S\u00e3o Paulo e Santos se enfrentar\u00e3o no Pacaembu. O cl\u00e1ssico ser\u00e1 com torcida \u00fanica s\u00e3o-paulina, devido a um acordo entre as diretorias dos dois clubes, que definiram no in\u00edcio do Campeonato Brasileiro que os confrontos do primeiro e do segundo turno do Nacional seriam no Paulo Machado de Carvalho.<\/p>\n<p>Procurada pelo jornal O Estado de S.Paulo, a assessoria do prefeito eleito confirmou os n\u00fameros citados por Jo\u00e3o Doria e afirmou que manter\u00e1 a ideia de concessionar o est\u00e1dio qualquer que seja o peso da manuten\u00e7\u00e3o para o contribuinte.<\/p>\n","protected":false},"excerpt":{"rendered":"<p>Para justificar a sua inten\u00e7\u00e3o de conceder o Pacaembu \u00e0 iniciativa privada, o prefeito eleito de S\u00e3o Paulo, Jo\u00e3o Doria (PSDB), alega que o est\u00e1dio&#8230;<\/p>\n","protected":false},"author":1182,"featured_media":18713,"comment_status":"closed","ping_status":"closed","sticky":false,"template":"","format":"standard","meta":{"footnotes":""},"categories":[6],"tags":[],"class_list":["post-21183","post","type-post","status-publish","format-standard","has-post-thumbnail","hentry","category-noticias"],"_links":{"self":[{"href":"https:\/\/www.sincomam.org.br\/index.php\/wp-json\/wp\/v2\/posts\/21183","targetHints":{"allow":["GET"]}}],"collection":[{"href":"https:\/\/www.sincomam.org.br\/index.php\/wp-json\/wp\/v2\/posts"}],"about":[{"href":"https:\/\/www.sincomam.org.br\/index.php\/wp-json\/wp\/v2\/types\/post"}],"author":[{"embeddable":true,"href":"https:\/\/www.sincomam.org.br\/index.php\/wp-json\/wp\/v2\/users\/1182"}],"replies":[{"embeddable":true,"href":"https:\/\/www.sincomam.org.br\/index.php\/wp-json\/wp\/v2\/comments?post=21183"}],"version-history":[{"count":1,"href":"https:\/\/www.sincomam.org.br\/index.php\/wp-json\/wp\/v2\/posts\/21183\/revisions"}],"predecessor-version":[{"id":21184,"href":"https:\/\/www.sincomam.org.br\/index.php\/wp-json\/wp\/v2\/posts\/21183\/revisions\/21184"}],"wp:featuredmedia":[{"embeddable":true,"href":"https:\/\/www.sincomam.org.br\/index.php\/wp-json\/wp\/v2\/media\/18713"}],"wp:attachment":[{"href":"https:\/\/www.sincomam.org.br\/index.php\/wp-json\/wp\/v2\/media?parent=21183"}],"wp:term":[{"taxonomy":"category","embeddable":true,"href":"https:\/\/www.sincomam.org.br\/index.php\/wp-json\/wp\/v2\/categories?post=21183"},{"taxonomy":"post_tag","embeddable":true,"href":"https:\/\/www.sincomam.org.br\/index.php\/wp-json\/wp\/v2\/tags?post=21183"}],"curies":[{"name":"wp","href":"https:\/\/api.w.org\/{rel}","templated":true}]}}