{"id":21179,"date":"2016-10-06T00:50:49","date_gmt":"2016-10-06T03:50:49","guid":{"rendered":"http:\/\/www.sincomam.org.br\/?p=21179"},"modified":"2016-10-05T19:59:06","modified_gmt":"2016-10-05T22:59:06","slug":"temer-repete-que-pec-do-teto-e-fundamental-para-o-pais","status":"publish","type":"post","link":"https:\/\/www.sincomam.org.br\/index.php\/temer-repete-que-pec-do-teto-e-fundamental-para-o-pais\/","title":{"rendered":"Temer repete que PEC do teto \u00e9 fundamental para o pa\u00eds"},"content":{"rendered":"<div data-template-placeholder=\"content-placeholder\">\n<p>Em tom descontra\u00eddo, o presidente Michel Temer\u00a0afirmou que a cerim\u00f4nia no Pal\u00e1cio do Planalto para celebrar o dia da Micro e Pequena Empresa virou uma esp\u00e9cie de &#8220;tribuna livre&#8221; para que os ministros do governo pudessem falar sobre suas \u00e1reas.<\/p>\n<p>O coment\u00e1rio foi feito ap\u00f3s Geddes Vieira Lima (Secretaria de Governo) defender a aprova\u00e7\u00e3o da PEC do teto de gastos\u00a0na C\u00e2mara e Mendon\u00e7a Filho (Educa\u00e7\u00e3o) citar em seu discurso a medida provis\u00f3ria que muda as regras do Ensino M\u00e9dio.<\/p>\n<p>O pr\u00f3prio Temer usou o seu discurso para refor\u00e7ar as falas dos ministros e voltar a fazer um apelo para a aprova\u00e7\u00e3o da PEC. &#8220;A aprova\u00e7\u00e3o dessa proposta \u00e9 fundamental para o Pa\u00eds. Ningu\u00e9m pode gastar mais do que arrecada&#8221;, disse.<\/p>\n<p>Mais cedo, durante a cerim\u00f4nia de posse do novo ministro do Turismo, Marx Beltr\u00e3o, Temer j\u00e1 havia feito um apelo para que os deputados votassem a PEC na pr\u00f3xima semana.<\/p>\n<p>Segundo o presidente, as reformas que o governo est\u00e1 propondo ao Congresso t\u00eam como objetivo fazer o Pa\u00eds voltar a crescer e tamb\u00e9m se destinam aos micro e pequenos empres\u00e1rios.<\/p>\n<p>&#8220;O micro hoje pode ser grande empres\u00e1rio amanh\u00e3 e merece incentivo por meio do cr\u00e9dito. N\u00e3o \u00e9 \u00e0 toa que estamos pregando a uni\u00e3o nacional; a uni\u00e3o faz a for\u00e7a&#8221;, disse.<\/p>\n<p>Fonte: Exame<\/p>\n<div><\/div>\n<\/div>\n","protected":false},"excerpt":{"rendered":"<p>Em tom descontra\u00eddo, o presidente Michel Temer\u00a0afirmou que a cerim\u00f4nia no Pal\u00e1cio do Planalto para celebrar o dia da Micro e Pequena Empresa virou uma&#8230;<\/p>\n","protected":false},"author":1182,"featured_media":19480,"comment_status":"closed","ping_status":"closed","sticky":false,"template":"","format":"standard","meta":{"footnotes":""},"categories":[6],"tags":[],"class_list":["post-21179","post","type-post","status-publish","format-standard","has-post-thumbnail","hentry","category-noticias"],"_links":{"self":[{"href":"https:\/\/www.sincomam.org.br\/index.php\/wp-json\/wp\/v2\/posts\/21179","targetHints":{"allow":["GET"]}}],"collection":[{"href":"https:\/\/www.sincomam.org.br\/index.php\/wp-json\/wp\/v2\/posts"}],"about":[{"href":"https:\/\/www.sincomam.org.br\/index.php\/wp-json\/wp\/v2\/types\/post"}],"author":[{"embeddable":true,"href":"https:\/\/www.sincomam.org.br\/index.php\/wp-json\/wp\/v2\/users\/1182"}],"replies":[{"embeddable":true,"href":"https:\/\/www.sincomam.org.br\/index.php\/wp-json\/wp\/v2\/comments?post=21179"}],"version-history":[{"count":1,"href":"https:\/\/www.sincomam.org.br\/index.php\/wp-json\/wp\/v2\/posts\/21179\/revisions"}],"predecessor-version":[{"id":21180,"href":"https:\/\/www.sincomam.org.br\/index.php\/wp-json\/wp\/v2\/posts\/21179\/revisions\/21180"}],"wp:featuredmedia":[{"embeddable":true,"href":"https:\/\/www.sincomam.org.br\/index.php\/wp-json\/wp\/v2\/media\/19480"}],"wp:attachment":[{"href":"https:\/\/www.sincomam.org.br\/index.php\/wp-json\/wp\/v2\/media?parent=21179"}],"wp:term":[{"taxonomy":"category","embeddable":true,"href":"https:\/\/www.sincomam.org.br\/index.php\/wp-json\/wp\/v2\/categories?post=21179"},{"taxonomy":"post_tag","embeddable":true,"href":"https:\/\/www.sincomam.org.br\/index.php\/wp-json\/wp\/v2\/tags?post=21179"}],"curies":[{"name":"wp","href":"https:\/\/api.w.org\/{rel}","templated":true}]}}