{"id":21175,"date":"2016-10-06T00:20:02","date_gmt":"2016-10-06T03:20:02","guid":{"rendered":"http:\/\/www.sincomam.org.br\/?p=21175"},"modified":"2016-10-05T19:56:15","modified_gmt":"2016-10-05T22:56:15","slug":"empresa-de-sobrinho-de-lula-recebeu-r-31-mi-diz-pf","status":"publish","type":"post","link":"https:\/\/www.sincomam.org.br\/index.php\/empresa-de-sobrinho-de-lula-recebeu-r-31-mi-diz-pf\/","title":{"rendered":"Empresa de sobrinho de Lula recebeu R$ 31 mi, diz PF"},"content":{"rendered":"<p>A Pol\u00edcia Federal informou nesta quarta-feira, 5, que em valores atualizados chega a R$ 31 milh\u00f5es a propina que a Odebrecht supostamente pagou \u00e0 empresa Exergia, de Taiguara Rodrigues, sobrinho do ex-presidente\u00a0Luiz In\u00e1cio Lula da Silva.<\/p>\n<p>A PF concluiu o inqu\u00e9rito da Opera\u00e7\u00e3o Janus e indiciou o petista por corrup\u00e7\u00e3o passiva. Segundo a PF, Lula foi contemplado com o pagamento de despesas pessoais pela empreiteira. Em contrapartida, o ex-presidente teria facilitado o caminho para a Odebrecht fechar contratos na \u00c1frica.<\/p>\n<p>A investiga\u00e7\u00e3o mostra que na obra de amplia\u00e7\u00e3o e moderniza\u00e7\u00e3o da hidrel\u00e9trica de Cambambe, em Angola, Taiguara firmou um contrato milion\u00e1rio com a Odebrecht, em 2012. O empreendimento foi financiado pelo BNDES.<\/p>\n<p>Tamb\u00e9m foram indiciados no inqu\u00e9rito da Opera\u00e7\u00e3o Janus o pr\u00f3prio Taiguara e, ainda, o empres\u00e1rio Marcelo Bahia Odebrecht &#8211; preso na Lava Jato desde 19 de junho de 2015 &#8211; e outros sete executivos da empreiteira, estes todos por corrup\u00e7\u00e3o e lavagem de dinheiro.<\/p>\n<p>Segundo a PF, &#8220;as provas recolhidas ao longo dos dez meses de investiga\u00e7\u00e3o demonstram que a empreiteira Odebrecht teria pago R$ 20 milh\u00f5es \u00e0 empresa Exergia, em valores atualizados o valor chegaria a R$ 31 milh\u00f5es&#8221;.<\/p>\n<p>&#8220;Esse pagamento ocorreu sem a devida presta\u00e7\u00e3o dos servi\u00e7os de engenharia em empreendimentos de infraestrutura financiados pelo BNDES em Angola&#8221;, diz o relat\u00f3rio da PF.<\/p>\n<p>Em nota divulgada na tarde desta quarta-feira, a PF n\u00e3o citou o petista nominalmente, classificando-o de &#8220;um agente pol\u00edtico&#8221;.<\/p>\n<p>A fase ostensiva da Opera\u00e7\u00e3o Janus foi iniciada pela PF no dia 20 de maio. Na ocasi\u00e3o, os policiais cumpriram 4 mandados de busca e apreens\u00e3o, 2 condu\u00e7\u00f5es coercitivas e 5 intima\u00e7\u00f5es.<\/p>\n<p>Desde ent\u00e3o a PF realizou cruzamento de dados &#8220;bem como utilizando outras t\u00e9cnicas de investiga\u00e7\u00e3o, todas elas com a inten\u00e7\u00e3o de esclarecer a poss\u00edvel pr\u00e1tica de crimes&#8221;.<\/p>\n<p>&#8220;Os indiciados, na medida de suas participa\u00e7\u00f5es, poder\u00e3o responder pelos crimes de corrup\u00e7\u00e3o ativa, corrup\u00e7\u00e3o passiva e lavagem de dinheiro&#8221;, destaca a PF.<\/p>\n<p>O inqu\u00e9rito seguir\u00e1 agora para an\u00e1lise do Minist\u00e9rio P\u00fablico Federal, que vai decidir sobre apresenta\u00e7\u00e3o de eventual den\u00fancia \u00e0 Justi\u00e7a contra Lula e os outros indiciados.<\/p>\n<p>Fonte: Exame<\/p>\n","protected":false},"excerpt":{"rendered":"<p>A Pol\u00edcia Federal informou nesta quarta-feira, 5, que em valores atualizados chega a R$ 31 milh\u00f5es a propina que a Odebrecht supostamente pagou \u00e0 empresa&#8230;<\/p>\n","protected":false},"author":1182,"featured_media":18467,"comment_status":"closed","ping_status":"closed","sticky":false,"template":"","format":"standard","meta":{"footnotes":""},"categories":[6],"tags":[],"class_list":["post-21175","post","type-post","status-publish","format-standard","has-post-thumbnail","hentry","category-noticias"],"_links":{"self":[{"href":"https:\/\/www.sincomam.org.br\/index.php\/wp-json\/wp\/v2\/posts\/21175","targetHints":{"allow":["GET"]}}],"collection":[{"href":"https:\/\/www.sincomam.org.br\/index.php\/wp-json\/wp\/v2\/posts"}],"about":[{"href":"https:\/\/www.sincomam.org.br\/index.php\/wp-json\/wp\/v2\/types\/post"}],"author":[{"embeddable":true,"href":"https:\/\/www.sincomam.org.br\/index.php\/wp-json\/wp\/v2\/users\/1182"}],"replies":[{"embeddable":true,"href":"https:\/\/www.sincomam.org.br\/index.php\/wp-json\/wp\/v2\/comments?post=21175"}],"version-history":[{"count":1,"href":"https:\/\/www.sincomam.org.br\/index.php\/wp-json\/wp\/v2\/posts\/21175\/revisions"}],"predecessor-version":[{"id":21176,"href":"https:\/\/www.sincomam.org.br\/index.php\/wp-json\/wp\/v2\/posts\/21175\/revisions\/21176"}],"wp:featuredmedia":[{"embeddable":true,"href":"https:\/\/www.sincomam.org.br\/index.php\/wp-json\/wp\/v2\/media\/18467"}],"wp:attachment":[{"href":"https:\/\/www.sincomam.org.br\/index.php\/wp-json\/wp\/v2\/media?parent=21175"}],"wp:term":[{"taxonomy":"category","embeddable":true,"href":"https:\/\/www.sincomam.org.br\/index.php\/wp-json\/wp\/v2\/categories?post=21175"},{"taxonomy":"post_tag","embeddable":true,"href":"https:\/\/www.sincomam.org.br\/index.php\/wp-json\/wp\/v2\/tags?post=21175"}],"curies":[{"name":"wp","href":"https:\/\/api.w.org\/{rel}","templated":true}]}}