{"id":21156,"date":"2016-10-05T00:14:37","date_gmt":"2016-10-05T03:14:37","guid":{"rendered":"http:\/\/www.sincomam.org.br\/?p=21156"},"modified":"2016-10-04T21:39:44","modified_gmt":"2016-10-05T00:39:44","slug":"stf-nega-pedido-de-lula-para-retirar-moro-de-investigacao","status":"publish","type":"post","link":"https:\/\/www.sincomam.org.br\/index.php\/stf-nega-pedido-de-lula-para-retirar-moro-de-investigacao\/","title":{"rendered":"STF nega pedido de Lula para retirar Moro de investiga\u00e7\u00e3o"},"content":{"rendered":"<div data-template-placeholder=\"content-placeholder\">\n<p>Por 4 a 0, a Segunda Turma do Supremo Tribunal Federal (STF) decidiu nesta ter\u00e7a-feira, 4, manter com o juiz federal\u00a0S\u00e9rgio Moro tr\u00eas inqu\u00e9ritos contra o ex-presidente Luiz In\u00e1cio Lula da Silva.\u00a0<\/p>\n<p>A decis\u00e3o do colegiado confirmou a liminar concedida no m\u00eas passado pelo ministro Teori Zavascki, relator dos processos da Lava Jato no STF.<\/p>\n<p>A defesa de Lula apresentou uma reclama\u00e7\u00e3o alegando que o juiz federal S\u00e9rgio Moro &#8220;usurpa&#8221; a compet\u00eancia do STF, pois estaria apurando fatos envolvendo um esquema de corrup\u00e7\u00e3o na Petrobras que j\u00e1 s\u00e3o alvo de investiga\u00e7\u00e3o pela Corte.<\/p>\n<p>Al\u00e9m de Teori, votaram pela rejei\u00e7\u00e3o do pedido da defesa de Lula os ministros Ricardo Lewandowski, Gilmar Mendes e Dias Toffoli. O ministro Celso de Mello n\u00e3o compareceu \u00e0 sess\u00e3o.<\/p>\n<p>Para os advogados do petista, h\u00e1 &#8220;m\u00faltiplos procedimentos investigativos&#8221;, que enfocariam os &#8220;mesmos atos e seus conexos, em tr\u00e2mite nas diversas inst\u00e2ncias&#8221;.<\/p>\n<p>No m\u00eas passado, o ministro Teori Zavascki rejeitou o pedido da defesa, destacando que o inqu\u00e9rito 3989 que tramita no Supremo Tribunal Federal investiga a suposta participa\u00e7\u00e3o de Lula em uma organiza\u00e7\u00e3o criminosa que desviava dinheiro da Petrobras, enquanto que a 13\u00aa Vara Federal da Subse\u00e7\u00e3o Judici\u00e1ria de Curitiba apura outros fatos relacionados a poss\u00edvel recebimento de &#8220;vantagens indevidas&#8221;.<\/p>\n<p><b>Embara\u00e7ar<\/b><\/p>\n<p>\u00c0 \u00e9poca, o ministro chegou a afirmar que a defesa do ex-presidente vinha apresentando &#8220;diversas tentativas&#8221; no sentido de &#8220;embara\u00e7ar as apura\u00e7\u00f5es&#8221; da opera\u00e7\u00e3o Lava Jato. Depois de a defesa de Lula contestar as declara\u00e7\u00f5es, Teori Zavascki recuou e admitiu que a express\u00e3o foi &#8220;inadequada&#8221;.<\/p>\n<p>&#8220;\u00c9 de se reconhecer ter sido inadequada, nas circunst\u00e2ncias do caso e no que possa ser interpretada como pejorativa ao agravante, a express\u00e3o utilizada (&#8230;), qualificando certos fundamentos da reclama\u00e7\u00e3o como &#8216;tentativas da defesa de embara\u00e7ar as apura\u00e7\u00f5es'&#8221;, escreveu Teori.<\/p>\n<div>Fonte: Exame<\/div>\n<\/div>\n","protected":false},"excerpt":{"rendered":"<p>Por 4 a 0, a Segunda Turma do Supremo Tribunal Federal (STF) decidiu nesta ter\u00e7a-feira, 4, manter com o juiz federal\u00a0S\u00e9rgio Moro tr\u00eas inqu\u00e9ritos contra&#8230;<\/p>\n","protected":false},"author":1182,"featured_media":18583,"comment_status":"closed","ping_status":"closed","sticky":false,"template":"","format":"standard","meta":{"footnotes":""},"categories":[6],"tags":[],"class_list":["post-21156","post","type-post","status-publish","format-standard","has-post-thumbnail","hentry","category-noticias"],"_links":{"self":[{"href":"https:\/\/www.sincomam.org.br\/index.php\/wp-json\/wp\/v2\/posts\/21156","targetHints":{"allow":["GET"]}}],"collection":[{"href":"https:\/\/www.sincomam.org.br\/index.php\/wp-json\/wp\/v2\/posts"}],"about":[{"href":"https:\/\/www.sincomam.org.br\/index.php\/wp-json\/wp\/v2\/types\/post"}],"author":[{"embeddable":true,"href":"https:\/\/www.sincomam.org.br\/index.php\/wp-json\/wp\/v2\/users\/1182"}],"replies":[{"embeddable":true,"href":"https:\/\/www.sincomam.org.br\/index.php\/wp-json\/wp\/v2\/comments?post=21156"}],"version-history":[{"count":1,"href":"https:\/\/www.sincomam.org.br\/index.php\/wp-json\/wp\/v2\/posts\/21156\/revisions"}],"predecessor-version":[{"id":21157,"href":"https:\/\/www.sincomam.org.br\/index.php\/wp-json\/wp\/v2\/posts\/21156\/revisions\/21157"}],"wp:featuredmedia":[{"embeddable":true,"href":"https:\/\/www.sincomam.org.br\/index.php\/wp-json\/wp\/v2\/media\/18583"}],"wp:attachment":[{"href":"https:\/\/www.sincomam.org.br\/index.php\/wp-json\/wp\/v2\/media?parent=21156"}],"wp:term":[{"taxonomy":"category","embeddable":true,"href":"https:\/\/www.sincomam.org.br\/index.php\/wp-json\/wp\/v2\/categories?post=21156"},{"taxonomy":"post_tag","embeddable":true,"href":"https:\/\/www.sincomam.org.br\/index.php\/wp-json\/wp\/v2\/tags?post=21156"}],"curies":[{"name":"wp","href":"https:\/\/api.w.org\/{rel}","templated":true}]}}