{"id":21146,"date":"2016-10-06T00:00:59","date_gmt":"2016-10-06T03:00:59","guid":{"rendered":"http:\/\/www.sincomam.org.br\/?p=21146"},"modified":"2016-10-06T08:29:59","modified_gmt":"2016-10-06T11:29:59","slug":"reforma-politica-sera-votada-em-8-de-novembro-diz-renan","status":"publish","type":"post","link":"https:\/\/www.sincomam.org.br\/index.php\/reforma-politica-sera-votada-em-8-de-novembro-diz-renan\/","title":{"rendered":"Reforma pol\u00edtica ser\u00e1 votada em 8 de novembro, diz Renan"},"content":{"rendered":"<div data-template-placeholder=\"content-placeholder\">\n<p>O presidente do Senado, Renan Calheiros (PMDB-AL), confirmou que a vota\u00e7\u00e3o da PEC 36\/2016, que trata de uma micro reforma pol\u00edtica, ser\u00e1 votada no Senado em 8 de novembro.<\/p>\n<p>A informa\u00e7\u00e3o foi adiantada minutos antes pelo presidente do PSDB, senador A\u00e9cio Neves (MG), que \u00e9 um dos autores do projeto. Os dois se reuniram na tarde desta ter\u00e7a-feira, 4.<\/p>\n<p>De acordo com A\u00e9cio, a data foi escolhida tendo em vista o retorno dos parlamentares das elei\u00e7\u00f5es municipais, garantindo presen\u00e7a para alcan\u00e7ar o qu\u00f3rum qualificado para projetos de Proposta de Emenda \u00e0 Constitui\u00e7\u00e3o.<\/p>\n<p>Renan e A\u00e9cio confirmaram ainda uma reuni\u00e3o com o presidente da C\u00e2mara, Rodrigo Maia (DEM-RJ), nessa quarta-feira, 5, para marcar uma data adequada para a vota\u00e7\u00e3o do projeto na outra Casa.<\/p>\n<p>Mais cedo, o presidente do Democratas, senador Jos\u00e9 Agripino (RN), informou que a reuni\u00e3o deve contar ainda com a presen\u00e7a de l\u00edderes da C\u00e2mara e do Senado para acertar detalhes da proposta.<\/p>\n<p><b>Pontos da reforma<\/b><\/p>\n<p>A PEC 36\/2016, de autoria do senador Ricardo Ferra\u00e7o (PSDB-ES) e A\u00e9cio, trata de uma pequena reforma pol\u00edtica. O texto prop\u00f5e o fim das coliga\u00e7\u00f5es proporcionais a partir de 2022 e uma cl\u00e1usula de barreira, que pode diminuir a quantidade de partidos em opera\u00e7\u00e3o no Congresso, a partir de 2018.<\/p>\n<p>Os senadores j\u00e1 concordaram em incluir no texto o recurso da federa\u00e7\u00e3o partid\u00e1ria, um instrumento que permite que os partidos se unam em torno de um mesmo grupo.<\/p>\n<p>O objetivo \u00e9 evitar que partidos menores sejam eliminados da atua\u00e7\u00e3o pol\u00edtica e se unam com outras legendas para alcan\u00e7ar a cl\u00e1usula de barreira.<\/p>\n<p>Tanto Renan quanto A\u00e9cio avaliam que outros pontos da reforma pol\u00edtica, como a mudan\u00e7a do sistema eleitoral para uma lista fechada na elei\u00e7\u00e3o de deputados federais, estaduais e vereadores, n\u00e3o sejam inclu\u00eddas no texto da PEC 36\/2016, e que tramitem posteriormente, em projeto separado.<\/p>\n<div>Fonte: Exame<\/div>\n<\/div>\n","protected":false},"excerpt":{"rendered":"<p>O presidente do Senado, Renan Calheiros (PMDB-AL), confirmou que a vota\u00e7\u00e3o da PEC 36\/2016, que trata de uma micro reforma pol\u00edtica, ser\u00e1 votada no Senado&#8230;<\/p>\n","protected":false},"author":1182,"featured_media":18462,"comment_status":"closed","ping_status":"closed","sticky":false,"template":"","format":"standard","meta":{"footnotes":""},"categories":[6],"tags":[],"class_list":["post-21146","post","type-post","status-publish","format-standard","has-post-thumbnail","hentry","category-noticias"],"_links":{"self":[{"href":"https:\/\/www.sincomam.org.br\/index.php\/wp-json\/wp\/v2\/posts\/21146","targetHints":{"allow":["GET"]}}],"collection":[{"href":"https:\/\/www.sincomam.org.br\/index.php\/wp-json\/wp\/v2\/posts"}],"about":[{"href":"https:\/\/www.sincomam.org.br\/index.php\/wp-json\/wp\/v2\/types\/post"}],"author":[{"embeddable":true,"href":"https:\/\/www.sincomam.org.br\/index.php\/wp-json\/wp\/v2\/users\/1182"}],"replies":[{"embeddable":true,"href":"https:\/\/www.sincomam.org.br\/index.php\/wp-json\/wp\/v2\/comments?post=21146"}],"version-history":[{"count":1,"href":"https:\/\/www.sincomam.org.br\/index.php\/wp-json\/wp\/v2\/posts\/21146\/revisions"}],"predecessor-version":[{"id":21147,"href":"https:\/\/www.sincomam.org.br\/index.php\/wp-json\/wp\/v2\/posts\/21146\/revisions\/21147"}],"wp:featuredmedia":[{"embeddable":true,"href":"https:\/\/www.sincomam.org.br\/index.php\/wp-json\/wp\/v2\/media\/18462"}],"wp:attachment":[{"href":"https:\/\/www.sincomam.org.br\/index.php\/wp-json\/wp\/v2\/media?parent=21146"}],"wp:term":[{"taxonomy":"category","embeddable":true,"href":"https:\/\/www.sincomam.org.br\/index.php\/wp-json\/wp\/v2\/categories?post=21146"},{"taxonomy":"post_tag","embeddable":true,"href":"https:\/\/www.sincomam.org.br\/index.php\/wp-json\/wp\/v2\/tags?post=21146"}],"curies":[{"name":"wp","href":"https:\/\/api.w.org\/{rel}","templated":true}]}}