{"id":21101,"date":"2016-10-03T09:54:43","date_gmt":"2016-10-03T12:54:43","guid":{"rendered":"http:\/\/www.sincomam.org.br\/?p=21101"},"modified":"2016-10-03T09:54:43","modified_gmt":"2016-10-03T12:54:43","slug":"eletrobras-busca-saidas-para-divida-com-petrobras","status":"publish","type":"post","link":"https:\/\/www.sincomam.org.br\/index.php\/eletrobras-busca-saidas-para-divida-com-petrobras\/","title":{"rendered":"Eletrobras busca sa\u00eddas para d\u00edvida com Petrobras"},"content":{"rendered":"<p>A estatal Eletrobr\u00e1s<a href=\"http:\/\/www.exame.com.br\/topicos\/eletrobras\"><strong>\u00a0<\/strong><\/a>busca sa\u00eddas para tr\u00eas enormes imbr\u00f3glios no caminho da recupera\u00e7\u00e3o da companhia&#8211; uma d\u00edvida bilion\u00e1ria com a Petrobras pela compra de combust\u00edveis para termel\u00e9tricas, a paralisa\u00e7\u00e3o das obras da usina nuclear de Angra 3 e os grande atrasos no cronograma de linhas de transmiss\u00e3o que precisam ser constru\u00eddas por sua subsidi\u00e1ria Chesf.<\/p>\n<p>O presidente da companhia, Wilson Ferreira Jr., disse nesta sexta-feira que os d\u00e9bitos com a Petrobras dever\u00e3o agora ser alvo de uma negocia\u00e7\u00e3o conduzida pessoalmente por ele junto ao presidente da petroleira, Pedro Parente.<\/p>\n<p>&#8220;Est\u00e1 havendo discuss\u00f5es entre equipes dentro da Petrobras e da Eletrobras, e espero que agora suba de n\u00edvel e discutamos ele e eu&#8221;, explicou Ferreira, que falou com jornalistas ap\u00f3s evento em S\u00e3o Paulo.<\/p>\n<p>Ele disse que ao assumir o comando da maior el\u00e9trica do pa\u00eds, em julho, recebeu do governo do presidente Michel Temer a miss\u00e3o de resgatar a credibilidade da companhia, o que teve in\u00edcio com um movimento para quitar d\u00edvidas, como as que a Eletrobras possu\u00eda junto a geradores pela compra de eletricidade contratada em leil\u00f5es, que segundo ele foram quitadas recentemente.<\/p>\n<p>O executivo afirmou tamb\u00e9m que a Eletrobras est\u00e1 muito pr\u00f3xima de acertar a inadimpl\u00eancia junto ao mercado de curto prazo de energia, cujas liquida\u00e7\u00f5es financeiras s\u00e3o realizadas mensalmente pela C\u00e2mara de Comercializa\u00e7\u00e3o de Energia El\u00e9trica (CCEE).<\/p>\n<p>&#8220;Tinha muita inadimpl\u00eancia setorial, com nossos s\u00f3cios e alguns fornecedores, entre eles a Petrobras&#8230; a (d\u00edvida) com a Petrobras \u00e9 maior, \u00e9 natural (que demore mais), pelo tamanho. As menores j\u00e1 foram resolvidas&#8221;, afirmou Ferreira.<\/p>\n<p><strong>Angra 3 e Chesf\u00a0<br \/><\/strong><\/p>\n<p>A Eletrobras contratou uma consultoria para ajud\u00e1-la a definir meios de retomar as obras da usina nuclear de Angra 3, que foram paralisadas neste ano em meio a den\u00fancias de corrup\u00e7\u00e3o investigadas pela Pol\u00edcia Federal (PF) e pelo Minist\u00e9rio P\u00fablico no \u00e2mbito da opera\u00e7\u00e3o Lava Jato.<\/p>\n<p>Pouco ap\u00f3s o in\u00edcio das investiga\u00e7\u00f5es, as empreiteiras respons\u00e1veis pela montagem eletromec\u00e2nica da usina, cuja contrata\u00e7\u00e3o \u00e9 apontada pelos investigadores como alvo de propinas, pediram para deixar o projeto alegando atrasos em pagamentos por parte da Eletrobras.<\/p>\n<p>Segundo Ferreira, existe uma comiss\u00e3o dedicada ao assunto na Eletronuclear, subsidi\u00e1ria respons\u00e1vel pelo empreendimento, e esse grupo tem interagido semanalmente com os financiadores da usina e com o Minist\u00e9rio de Minas e Energia.<\/p>\n<p>As conclus\u00f5es desse trabalho dever\u00e3o ser analisadas em dezembro pelo Comit\u00ea Nacional de Pol\u00edtica Energ\u00e9tica (CNPE), que re\u00fane autoridades do setor e \u00e9 presidido pelo ministro de Minas e Energia.<\/p>\n<p>At\u00e9 o momento, no entanto, ainda n\u00e3o h\u00e1 uma solu\u00e7\u00e3o sobre a mesa para o empreendimento, or\u00e7ado em cerca de 15 bilh\u00f5es de reais.<\/p>\n<p>Nos balan\u00e7os de 2015 e 2016, a Eletrobras realizou baixas cont\u00e1beis de 14,5 bilh\u00f5es de reais referentes a Angra 3, ao calcular uma forte redu\u00e7\u00e3o no valor recuper\u00e1vel do empreendimento.\u00a0<\/p>\n<p>Outro assunto em discuss\u00e3o na estatal \u00e9 a normaliza\u00e7\u00e3o do cronograma de obras da subsidi\u00e1ria Chesf, que atua principalmente no Nordeste e acumula uma m\u00e9dia de 1.472 dias de atraso em seus empreendimentos na \u00e1rea de transmiss\u00e3o de energia, parte deles parados devido \u00e0 falta de recursos.<\/p>\n<p>Ferreira disse que a ideia \u00e9 que a recupera\u00e7\u00e3o desses atrasos esteja contemplada no plano de neg\u00f3cios que a Eletrobras pretende aprovar at\u00e9 o final de outubro.<\/p>\n","protected":false},"excerpt":{"rendered":"<p>A estatal Eletrobr\u00e1s\u00a0busca sa\u00eddas para tr\u00eas enormes imbr\u00f3glios no caminho da recupera\u00e7\u00e3o da companhia&#8211; uma d\u00edvida bilion\u00e1ria com a Petrobras pela compra de combust\u00edveis para&#8230;<\/p>\n","protected":false},"author":1182,"featured_media":18713,"comment_status":"closed","ping_status":"closed","sticky":false,"template":"","format":"standard","meta":{"footnotes":""},"categories":[6],"tags":[],"class_list":["post-21101","post","type-post","status-publish","format-standard","has-post-thumbnail","hentry","category-noticias"],"_links":{"self":[{"href":"https:\/\/www.sincomam.org.br\/index.php\/wp-json\/wp\/v2\/posts\/21101","targetHints":{"allow":["GET"]}}],"collection":[{"href":"https:\/\/www.sincomam.org.br\/index.php\/wp-json\/wp\/v2\/posts"}],"about":[{"href":"https:\/\/www.sincomam.org.br\/index.php\/wp-json\/wp\/v2\/types\/post"}],"author":[{"embeddable":true,"href":"https:\/\/www.sincomam.org.br\/index.php\/wp-json\/wp\/v2\/users\/1182"}],"replies":[{"embeddable":true,"href":"https:\/\/www.sincomam.org.br\/index.php\/wp-json\/wp\/v2\/comments?post=21101"}],"version-history":[{"count":1,"href":"https:\/\/www.sincomam.org.br\/index.php\/wp-json\/wp\/v2\/posts\/21101\/revisions"}],"predecessor-version":[{"id":21102,"href":"https:\/\/www.sincomam.org.br\/index.php\/wp-json\/wp\/v2\/posts\/21101\/revisions\/21102"}],"wp:featuredmedia":[{"embeddable":true,"href":"https:\/\/www.sincomam.org.br\/index.php\/wp-json\/wp\/v2\/media\/18713"}],"wp:attachment":[{"href":"https:\/\/www.sincomam.org.br\/index.php\/wp-json\/wp\/v2\/media?parent=21101"}],"wp:term":[{"taxonomy":"category","embeddable":true,"href":"https:\/\/www.sincomam.org.br\/index.php\/wp-json\/wp\/v2\/categories?post=21101"},{"taxonomy":"post_tag","embeddable":true,"href":"https:\/\/www.sincomam.org.br\/index.php\/wp-json\/wp\/v2\/tags?post=21101"}],"curies":[{"name":"wp","href":"https:\/\/api.w.org\/{rel}","templated":true}]}}