{"id":21075,"date":"2016-09-30T00:18:03","date_gmt":"2016-09-30T03:18:03","guid":{"rendered":"http:\/\/www.sincomam.org.br\/?p=21075"},"modified":"2016-09-30T09:19:51","modified_gmt":"2016-09-30T12:19:51","slug":"executivos-veem-cenario-mais-positivo-ate-o-fim-do-ano","status":"publish","type":"post","link":"https:\/\/www.sincomam.org.br\/index.php\/executivos-veem-cenario-mais-positivo-ate-o-fim-do-ano\/","title":{"rendered":"Executivos veem cen\u00e1rio mais positivo at\u00e9 o fim do ano"},"content":{"rendered":"<p>Embora tenham percebido melhoras pontuais em seus neg\u00f3cios, os executivos\u00a0das empresas que receberam na quinta-feira, 29, o pr\u00eamio Estad\u00e3o Empresas Mais ainda est\u00e3o esperando sinais mais claros de que o pior momento da crise econ\u00f4mica\u00a0realmente tenha passado.<\/p>\n<p>Para Harry Schmelzer Jr., presidente da Weg, est\u00e1 claro que o ambiente de neg\u00f3cios melhorou. &#8220;Acho que o astral est\u00e1 um pouco mais positivo&#8221;, disse.\u00a0<\/p>\n<p>Ele ponderou, no entanto, que o governo Michel Temer n\u00e3o conseguir\u00e1 aprovar as reformas &#8211; que incluem mudan\u00e7as nas regras para gastos p\u00fablicos, defini\u00e7\u00e3o de novas regras para concess\u00f5es p\u00fablicas, mudan\u00e7as na Previd\u00eancia e na legisla\u00e7\u00e3o trabalhista &#8211; facilmente. &#8220;Certamente n\u00e3o ser\u00e1 um passeio&#8221;, explicou. &#8220;E acredito que a ind\u00fastria brasileira deve ser inserida no contexto das concess\u00f5es.&#8221;<\/p>\n<p>O presidente da Telef\u00f4nica Vivo, Amos Genish, lembrou que o setor de telecomunica\u00e7\u00f5es viveu sua primeira queda de receita desde a privatiza\u00e7\u00e3o nos anos de 2015 e 2016.<\/p>\n<p>Ele disse que a empresa j\u00e1 come\u00e7ou a sentir, em alguns indicadores, as expectativas de melhora do cen\u00e1rio econ\u00f4mico no ano que vem. &#8220;Vemos que a virada est\u00e1 chegando, especialmente no que se refere \u00e0 confian\u00e7a do consumidor&#8221;, frisou, lembrando que h\u00e1 economistas prevendo crescimento do Produto Interno Bruto (PIB) ao redor de 1,7% para 2017.<\/p>\n<p>J\u00e1 Paulo Nigro, presidente da Ach\u00e9, descreveu o cen\u00e1rio do in\u00edcio de 2016 como &#8220;muito dif\u00edcil&#8221;, mas disse esperar um \u00faltimo trimestre melhor. Nigro afirmou estar &#8220;otimista&#8221; em rela\u00e7\u00e3o ao pr\u00f3ximo ano. Para a companhia, a queda do d\u00f3lar tem ajudado nos resultados, colaborado significativamente para a redu\u00e7\u00e3o dos custos da empresa com mat\u00e9ria-prima.<\/p>\n<h3><b>Cautela<\/b><\/h3>\n<p>O presidente da Cielo, R\u00f4mulo de Mello Dias, afirmou que o cen\u00e1rio macroecon\u00f4mico continua desafiador e que, sob o ponto de vista de consumo e vendas, ainda \u00e9 cedo para saber se o &#8220;fundo do po\u00e7o&#8221; j\u00e1 foi alcan\u00e7ado. Apesar disso, o executivo espera uma recupera\u00e7\u00e3o trazida pelas compras de fim de ano.<\/p>\n<p>&#8220;Ainda n\u00e3o temos uma tend\u00eancia de recupera\u00e7\u00e3o. Precisamos de mais repeti\u00e7\u00f5es para saber se de fato teremos um ponto de inflex\u00e3o no desempenho do varejo&#8221;, explicou.<\/p>\n<p>O \u00cdndice Cielo do Varejo Ampliado (ICVA) em agosto mostra queda de 5,1% para o varejo, na compara\u00e7\u00e3o com o mesmo intervalo do ano passado. O indicador foi pior que o de julho, quando foi registrada retra\u00e7\u00e3o de 3,9%. Em junho, por\u00e9m, o ICVA tinha desacelerado o ritmo de restri\u00e7\u00e3o, o que n\u00e3o se confirmou nos dois meses seguintes.<\/p>\n<p>&#8220;As pessoas ainda est\u00e3o com medo de perder seus empregos. Como reflexo disso, reduziram seu endividamento, o uso do cart\u00e3o de cr\u00e9dito. Mas para que o consumo volte a crescer, \u00e9 preciso a retomada da confian\u00e7a&#8221;, avaliou o presidente da Cielo.<\/p>\n<p>Fonte: O Estado de SP<\/p>\n","protected":false},"excerpt":{"rendered":"<p>Embora tenham percebido melhoras pontuais em seus neg\u00f3cios, os executivos\u00a0das empresas que receberam na quinta-feira, 29, o pr\u00eamio Estad\u00e3o Empresas Mais ainda est\u00e3o esperando sinais&#8230;<\/p>\n","protected":false},"author":1182,"featured_media":18164,"comment_status":"closed","ping_status":"closed","sticky":false,"template":"","format":"standard","meta":{"footnotes":""},"categories":[6],"tags":[],"class_list":["post-21075","post","type-post","status-publish","format-standard","has-post-thumbnail","hentry","category-noticias"],"_links":{"self":[{"href":"https:\/\/www.sincomam.org.br\/index.php\/wp-json\/wp\/v2\/posts\/21075","targetHints":{"allow":["GET"]}}],"collection":[{"href":"https:\/\/www.sincomam.org.br\/index.php\/wp-json\/wp\/v2\/posts"}],"about":[{"href":"https:\/\/www.sincomam.org.br\/index.php\/wp-json\/wp\/v2\/types\/post"}],"author":[{"embeddable":true,"href":"https:\/\/www.sincomam.org.br\/index.php\/wp-json\/wp\/v2\/users\/1182"}],"replies":[{"embeddable":true,"href":"https:\/\/www.sincomam.org.br\/index.php\/wp-json\/wp\/v2\/comments?post=21075"}],"version-history":[{"count":1,"href":"https:\/\/www.sincomam.org.br\/index.php\/wp-json\/wp\/v2\/posts\/21075\/revisions"}],"predecessor-version":[{"id":21076,"href":"https:\/\/www.sincomam.org.br\/index.php\/wp-json\/wp\/v2\/posts\/21075\/revisions\/21076"}],"wp:featuredmedia":[{"embeddable":true,"href":"https:\/\/www.sincomam.org.br\/index.php\/wp-json\/wp\/v2\/media\/18164"}],"wp:attachment":[{"href":"https:\/\/www.sincomam.org.br\/index.php\/wp-json\/wp\/v2\/media?parent=21075"}],"wp:term":[{"taxonomy":"category","embeddable":true,"href":"https:\/\/www.sincomam.org.br\/index.php\/wp-json\/wp\/v2\/categories?post=21075"},{"taxonomy":"post_tag","embeddable":true,"href":"https:\/\/www.sincomam.org.br\/index.php\/wp-json\/wp\/v2\/tags?post=21075"}],"curies":[{"name":"wp","href":"https:\/\/api.w.org\/{rel}","templated":true}]}}