{"id":21065,"date":"2016-09-30T09:08:11","date_gmt":"2016-09-30T12:08:11","guid":{"rendered":"http:\/\/www.sincomam.org.br\/?p=21065"},"modified":"2016-09-30T09:08:11","modified_gmt":"2016-09-30T12:08:11","slug":"brasil-e-anao-nas-exportacoes-diz-economista-do-plano-real","status":"publish","type":"post","link":"https:\/\/www.sincomam.org.br\/index.php\/brasil-e-anao-nas-exportacoes-diz-economista-do-plano-real\/","title":{"rendered":"Brasil \u00e9 an\u00e3o nas exporta\u00e7\u00f5es, diz economista do Plano Real"},"content":{"rendered":"<p>Um dos respons\u00e1veis pela cria\u00e7\u00e3o do Plano Real, o economista Edmar Bacha diz que \u00e9 &#8220;mentira&#8221; a afirma\u00e7\u00e3o do Minist\u00e9rio de Rela\u00e7\u00f5es Exteriores de que o Brasil \u00e9 uma economia aberta. Em palestra, Bacha disse que o Brasil \u00e9 um &#8220;an\u00e3o&#8221; nas exporta\u00e7\u00f5es globais.<\/p>\n<p>A despeito da cr\u00edtica, o economista apoia a estrat\u00e9gia do novo governo de abertura da economia e afirma que, ap\u00f3s o ajuste fiscal, o fim das barreiras vai permitir aumentar a produtividade brasileira.<\/p>\n<p>&#8220;Apesar de o Itamaraty negar, o Brasil \u00e9 uma economia fechada. \u00c9 mentira que sejamos abertos. Todas as grandes economias mundiais s\u00e3o abertas, mas o Brasil n\u00e3o&#8221;, disse Bacha, em semin\u00e1rio promovido pela Comiss\u00e3o de Assuntos Econ\u00f4micos (CAE) do Senado em homenagem ao professor alem\u00e3o Werner Baer, considerado um dos maiores &#8220;brasilianistas&#8221; da hist\u00f3ria.<\/p>\n<p><strong>Pot\u00eancias<\/strong><\/p>\n<p>Bacha citou como exemplo a posi\u00e7\u00e3o das grandes pot\u00eancias no ranking global das exporta\u00e7\u00f5es. Segundo o economista, todas as economias maiores que o Brasil &#8211; como Estados Unidos, China, Jap\u00e3o, Alemanha e Reino Unido &#8211; t\u00eam posi\u00e7\u00e3o no ranking de exporta\u00e7\u00f5es compar\u00e1vel \u00e0 lista dos maiores Produto Interno Bruto (PIB).<\/p>\n<p>&#8220;J\u00e1 o Brasil, que era a s\u00e9tima economia do mundo, \u00e9 o 25\u00ba maior exportador. Somos um gigante de 3% do PIB global, mas um an\u00e3o com apenas 1,5% das exporta\u00e7\u00f5es.&#8221;<\/p>\n<p>Para o economista, a abertura comercial permitir\u00e1 ao Brasil ganhar produtividade &#8211; um fator considerado chave para a sa\u00edda da crise.<\/p>\n<p>&#8220;O encaminhamento das medidas fiscais vai tirar o fantasma fiscal que existe atualmente. Depois, podemos enfrentar a falta de produtividade com a abertura da economia. Essa \u00e9 a medida para elevar a produtividade&#8221;, disse o economista.<\/p>\n<p>Fonte: O Estado de SP<\/p>\n","protected":false},"excerpt":{"rendered":"<p>Um dos respons\u00e1veis pela cria\u00e7\u00e3o do Plano Real, o economista Edmar Bacha diz que \u00e9 &#8220;mentira&#8221; a afirma\u00e7\u00e3o do Minist\u00e9rio de Rela\u00e7\u00f5es Exteriores de que&#8230;<\/p>\n","protected":false},"author":1182,"featured_media":18672,"comment_status":"closed","ping_status":"closed","sticky":false,"template":"","format":"standard","meta":{"footnotes":""},"categories":[6],"tags":[],"class_list":["post-21065","post","type-post","status-publish","format-standard","has-post-thumbnail","hentry","category-noticias"],"_links":{"self":[{"href":"https:\/\/www.sincomam.org.br\/index.php\/wp-json\/wp\/v2\/posts\/21065","targetHints":{"allow":["GET"]}}],"collection":[{"href":"https:\/\/www.sincomam.org.br\/index.php\/wp-json\/wp\/v2\/posts"}],"about":[{"href":"https:\/\/www.sincomam.org.br\/index.php\/wp-json\/wp\/v2\/types\/post"}],"author":[{"embeddable":true,"href":"https:\/\/www.sincomam.org.br\/index.php\/wp-json\/wp\/v2\/users\/1182"}],"replies":[{"embeddable":true,"href":"https:\/\/www.sincomam.org.br\/index.php\/wp-json\/wp\/v2\/comments?post=21065"}],"version-history":[{"count":1,"href":"https:\/\/www.sincomam.org.br\/index.php\/wp-json\/wp\/v2\/posts\/21065\/revisions"}],"predecessor-version":[{"id":21066,"href":"https:\/\/www.sincomam.org.br\/index.php\/wp-json\/wp\/v2\/posts\/21065\/revisions\/21066"}],"wp:featuredmedia":[{"embeddable":true,"href":"https:\/\/www.sincomam.org.br\/index.php\/wp-json\/wp\/v2\/media\/18672"}],"wp:attachment":[{"href":"https:\/\/www.sincomam.org.br\/index.php\/wp-json\/wp\/v2\/media?parent=21065"}],"wp:term":[{"taxonomy":"category","embeddable":true,"href":"https:\/\/www.sincomam.org.br\/index.php\/wp-json\/wp\/v2\/categories?post=21065"},{"taxonomy":"post_tag","embeddable":true,"href":"https:\/\/www.sincomam.org.br\/index.php\/wp-json\/wp\/v2\/tags?post=21065"}],"curies":[{"name":"wp","href":"https:\/\/api.w.org\/{rel}","templated":true}]}}