{"id":21061,"date":"2016-09-29T00:49:19","date_gmt":"2016-09-29T03:49:19","guid":{"rendered":"http:\/\/www.sincomam.org.br\/?p=21061"},"modified":"2016-09-28T17:51:00","modified_gmt":"2016-09-28T20:51:00","slug":"pf-abre-novo-inquerito-de-propinas-da-odebrecht-em-38-obras","status":"publish","type":"post","link":"https:\/\/www.sincomam.org.br\/index.php\/pf-abre-novo-inquerito-de-propinas-da-odebrecht-em-38-obras\/","title":{"rendered":"PF abre novo inqu\u00e9rito de propinas da Odebrecht em 38 obras"},"content":{"rendered":"<p>A Pol\u00edcia Federal abriu novo inqu\u00e9rito para apurar pagamentos de propinas da Odebrecht em outros contratos, al\u00e9m do que estavam sob investiga\u00e7\u00e3o na Petrobras pela Opera\u00e7\u00e3o Lava Jato.<\/p>\n<p>O alvo s\u00e3o 38 neg\u00f3cios identificados nos registros de pagamentos do Setor de Opera\u00e7\u00f5es Estruturadas da empresa &#8211; o chamado &#8220;departamento da propina&#8221; &#8211; nas apura\u00e7\u00f5es da 35\u00aa fase, batizada de Opera\u00e7\u00e3o Omert\u00e0, que prendeu nesta segunda-feira, 26, o ex-ministro Antonio Palocci.<\/p>\n<p>O delegado da Pol\u00edcia Federal Filipe Hille Pace, da equipe da Lava Jato, em Curitiba, resolveu nesta ter\u00e7a-feira, 27, abrir o novo inqu\u00e9rito. &#8220;Resolve: Instaurar Inqu\u00e9rito Policial para amparar as medidas de pol\u00edcia judici\u00e1ria decorrentes dada deflagra\u00e7\u00e3o da 35\u00b0 fase ostensiva da Opera\u00e7\u00e3o Lava Jato, batizada de &#8216;Omert\u00e0&#8217;, especificamente em rela\u00e7\u00e3o ao n\u00facleo de investiga\u00e7\u00e3o objeto das medidas cautelares deferidas&#8221;, informa Pace, em seu despacho.<\/p>\n<p>S\u00e3o apurados suposta pr\u00e1tica dos crimes de corrup\u00e7\u00e3o ativa passiva, quadrilha, lavagem de capitais e de fraude em licita\u00e7\u00f5es. &#8220;Foram identificados diversos benefici\u00e1rios de recursos il\u00edcitos disponibilizados pelo Setor de Opera\u00e7\u00f5es Estruturadas da Odebrecht&#8221;, informa o delegado.<\/p>\n<h3><b>Lista<\/b><\/h3>\n<p>Na mira da PF est\u00e3o 38 obras da empreiteira Odebrecht em todo o Pa\u00eds e no exterior. Os empreendimentos foram destacados pelo delegado em relat\u00f3rio da Omert\u00e0. &#8220;Relaciono algumas das obras p\u00fablicas e\/ou cons\u00f3rcios e empresas indicadas no documento mencionado, repetindo que, por se tratarem de arquivos recuperados, est\u00e3o parcialmente corrompidos, n\u00e3o sendo permitido vincular diretamente as obras e\/ou cons\u00f3rcios e empresas indicadas com os benefici\u00e1rios encontrados e mencionados acima&#8221;, afirma.<\/p>\n<p>Pace \u00e9 taxativo. &#8220;\u00c9 indubit\u00e1vel que os nomes que colaciono motivaram pagamento de vantagens indevidas a agentes ainda n\u00e3o identificados&#8221;, diz. A Omert\u00e0 investiga as rela\u00e7\u00f5es de Antonio Palocci com a Odebrecht. Planilha apreendida durante a opera\u00e7\u00e3o identificou que, entre 2008 e o final de 2013, foram pagos mais de R$ 128 milh\u00f5es ao PT e seus agentes, incluindo Palocci.<\/p>\n<p>As obras alvo do novo inqu\u00e9rito n\u00e3o tem rela\u00e7\u00e3o necess\u00e1ria com as propinas pagas ao PT via Palocci. Novos nomes devem surgir, tanto de agentes p\u00fablicos, como de pol\u00edticos e operadores.<\/p>\n","protected":false},"excerpt":{"rendered":"<p>A Pol\u00edcia Federal abriu novo inqu\u00e9rito para apurar pagamentos de propinas da Odebrecht em outros contratos, al\u00e9m do que estavam sob investiga\u00e7\u00e3o na Petrobras pela&#8230;<\/p>\n","protected":false},"author":1182,"featured_media":18182,"comment_status":"closed","ping_status":"closed","sticky":false,"template":"","format":"standard","meta":{"footnotes":""},"categories":[6],"tags":[],"class_list":["post-21061","post","type-post","status-publish","format-standard","has-post-thumbnail","hentry","category-noticias"],"_links":{"self":[{"href":"https:\/\/www.sincomam.org.br\/index.php\/wp-json\/wp\/v2\/posts\/21061","targetHints":{"allow":["GET"]}}],"collection":[{"href":"https:\/\/www.sincomam.org.br\/index.php\/wp-json\/wp\/v2\/posts"}],"about":[{"href":"https:\/\/www.sincomam.org.br\/index.php\/wp-json\/wp\/v2\/types\/post"}],"author":[{"embeddable":true,"href":"https:\/\/www.sincomam.org.br\/index.php\/wp-json\/wp\/v2\/users\/1182"}],"replies":[{"embeddable":true,"href":"https:\/\/www.sincomam.org.br\/index.php\/wp-json\/wp\/v2\/comments?post=21061"}],"version-history":[{"count":1,"href":"https:\/\/www.sincomam.org.br\/index.php\/wp-json\/wp\/v2\/posts\/21061\/revisions"}],"predecessor-version":[{"id":21062,"href":"https:\/\/www.sincomam.org.br\/index.php\/wp-json\/wp\/v2\/posts\/21061\/revisions\/21062"}],"wp:featuredmedia":[{"embeddable":true,"href":"https:\/\/www.sincomam.org.br\/index.php\/wp-json\/wp\/v2\/media\/18182"}],"wp:attachment":[{"href":"https:\/\/www.sincomam.org.br\/index.php\/wp-json\/wp\/v2\/media?parent=21061"}],"wp:term":[{"taxonomy":"category","embeddable":true,"href":"https:\/\/www.sincomam.org.br\/index.php\/wp-json\/wp\/v2\/categories?post=21061"},{"taxonomy":"post_tag","embeddable":true,"href":"https:\/\/www.sincomam.org.br\/index.php\/wp-json\/wp\/v2\/tags?post=21061"}],"curies":[{"name":"wp","href":"https:\/\/api.w.org\/{rel}","templated":true}]}}