{"id":21055,"date":"2016-09-29T00:00:03","date_gmt":"2016-09-29T03:00:03","guid":{"rendered":"http:\/\/www.sincomam.org.br\/?p=21055"},"modified":"2016-09-28T17:46:53","modified_gmt":"2016-09-28T20:46:53","slug":"greve-dos-estivadores-causa-prejuizo-de-us-8-milhoes-no-porto-de-santos","status":"publish","type":"post","link":"https:\/\/www.sincomam.org.br\/index.php\/greve-dos-estivadores-causa-prejuizo-de-us-8-milhoes-no-porto-de-santos\/","title":{"rendered":"Greve dos estivadores causa preju\u00edzo de US$ 8 milh\u00f5es no Porto de Santos"},"content":{"rendered":"<p>A greve dos estivadores em tr\u00eas empresas do Porto de Santos, no litoral de S\u00e3o Paulo, completou uma semana. Os empres\u00e1rios do setor j\u00e1 sentem os preju\u00edzos que chegam a US$ 8 milh\u00f5es devido a paralisa\u00e7\u00e3o de v\u00e1rias opera\u00e7\u00f5es portu\u00e1rias nos terminais.<\/p>\n<p>Os estivadores avulsos e vinculados est\u00e3o parados nos terminais da Santos Brasil, Libra e BTP. Eles montaram at\u00e9 um acampamento ao lado da entrada de um terminal portu\u00e1rio. &#8220;\u00c9 24h. Tem um turno do pessoal do dia e um turno da noite. Eu chego \u00e0s 5h da manh\u00e3, deixo minha casa com meus filhos e minha esposa e venho para o acampamento. S\u00f3 saio \u00e0s 20h&#8221;, disse o estivador Ricardo Francisco Santos.<\/p>\n<p>De acordo com o Sindicato dos Estivadores, a categoria reivindica o reajuste salarial dos vinculados e corre\u00e7\u00e3o dos ganhos dos avulsos em 11,78%, retroativo a mar\u00e7o. As empresas oferecem 9% pagos em duas vezes. Al\u00e9m da data-base, empresas e funcion\u00e1rios tamb\u00e9m discordam em rela\u00e7\u00e3o ao valor vale-refei\u00e7\u00e3o. O sindicato quer que seja de R$ 30 e as empresas oferecem menos.<\/p>\n<p>Segundo Sandro Ol\u00edmpico da Silva, diretor Sindicato dos Estivadores, a quest\u00e3o dos reajustes foi acertada, mas h\u00e1 outras pend\u00eancias. &#8220;Eles aceitaram dar os 10% e o ticket-refei\u00e7\u00e3o, mas insistem na livre requisi\u00e7\u00e3o que \u00e9 o livre exterm\u00ednio da categoria. N\u00f3s n\u00e3o vamos aceitar essa imposi\u00e7\u00e3o dos operadores portu\u00e1rios&#8221;, disse Sandro Ol\u00edmpico da Silva, diretor Sindicato dos Estivadores.<\/p>\n<p>A ju\u00edza do Tribunal Regional do Trabalho negou o pedido de liminar do Sindicato dos Operadores Portu\u00e1rios do Estado de S\u00e3o Paulo (Sopesp) para suspender a greve. A paralisa\u00e7\u00e3o atinge tr\u00eas terminais de conteineres do Porto de Santos. Os preju\u00edzos se acumulam todos os dias.<\/p>\n<p>&#8220;N\u00f3s fizemos um c\u00e1lculo bem conservador. Esse c\u00e1lculo atinge US$ 8 milh\u00f5es Se n\u00f3s fossemos considerar todas as quest\u00f5es, como atraso do navio em Santos, perdendo janelas, aumento de combust\u00edvel, podemos dizer que esse valor poderia at\u00e9 triplicar&#8221;, afirmou Jos\u00e9 Roque, diretor executivo Sindicato das Ag\u00eancias Mar\u00edtimas (Sindamar)<\/p>\n<p>Em nota, o Sopesp informou que continua estranhando a greve dos estivadores e que o movimento continua mesmo depois do despacho do Tribunal Regional do Trabalho, na \u00faltima sexta-feira (23), para que as opera\u00e7\u00f5es voltem ao normal no Porto de Santos. A C\u00e2mara de Contein\u00eares do Sindicato diz ainda que espera pelo retorno dos trabalhadores.<\/p>\n<p>O novo julgamento, que estava marcado para o dia 5 de outubro foi antecipado para esta quarta-feira (28), no TRT, em S\u00e3o Paulo.<\/p>\n<p>Fonte: Do G1 Santos<\/p>\n","protected":false},"excerpt":{"rendered":"<p>A greve dos estivadores em tr\u00eas empresas do Porto de Santos, no litoral de S\u00e3o Paulo, completou uma semana. Os empres\u00e1rios do setor j\u00e1 sentem&#8230;<\/p>\n","protected":false},"author":1182,"featured_media":19106,"comment_status":"closed","ping_status":"closed","sticky":false,"template":"","format":"standard","meta":{"footnotes":""},"categories":[6],"tags":[],"class_list":["post-21055","post","type-post","status-publish","format-standard","has-post-thumbnail","hentry","category-noticias"],"_links":{"self":[{"href":"https:\/\/www.sincomam.org.br\/index.php\/wp-json\/wp\/v2\/posts\/21055","targetHints":{"allow":["GET"]}}],"collection":[{"href":"https:\/\/www.sincomam.org.br\/index.php\/wp-json\/wp\/v2\/posts"}],"about":[{"href":"https:\/\/www.sincomam.org.br\/index.php\/wp-json\/wp\/v2\/types\/post"}],"author":[{"embeddable":true,"href":"https:\/\/www.sincomam.org.br\/index.php\/wp-json\/wp\/v2\/users\/1182"}],"replies":[{"embeddable":true,"href":"https:\/\/www.sincomam.org.br\/index.php\/wp-json\/wp\/v2\/comments?post=21055"}],"version-history":[{"count":1,"href":"https:\/\/www.sincomam.org.br\/index.php\/wp-json\/wp\/v2\/posts\/21055\/revisions"}],"predecessor-version":[{"id":21056,"href":"https:\/\/www.sincomam.org.br\/index.php\/wp-json\/wp\/v2\/posts\/21055\/revisions\/21056"}],"wp:featuredmedia":[{"embeddable":true,"href":"https:\/\/www.sincomam.org.br\/index.php\/wp-json\/wp\/v2\/media\/19106"}],"wp:attachment":[{"href":"https:\/\/www.sincomam.org.br\/index.php\/wp-json\/wp\/v2\/media?parent=21055"}],"wp:term":[{"taxonomy":"category","embeddable":true,"href":"https:\/\/www.sincomam.org.br\/index.php\/wp-json\/wp\/v2\/categories?post=21055"},{"taxonomy":"post_tag","embeddable":true,"href":"https:\/\/www.sincomam.org.br\/index.php\/wp-json\/wp\/v2\/tags?post=21055"}],"curies":[{"name":"wp","href":"https:\/\/api.w.org\/{rel}","templated":true}]}}