{"id":21053,"date":"2016-09-29T00:00:39","date_gmt":"2016-09-29T03:00:39","guid":{"rendered":"http:\/\/www.sincomam.org.br\/?p=21053"},"modified":"2016-09-28T17:45:35","modified_gmt":"2016-09-28T20:45:35","slug":"dolar-reverte-alta-apos-precos-do-petroleo-dispararem","status":"publish","type":"post","link":"https:\/\/www.sincomam.org.br\/index.php\/dolar-reverte-alta-apos-precos-do-petroleo-dispararem\/","title":{"rendered":"D\u00f3lar reverte alta ap\u00f3s pre\u00e7os do petr\u00f3leo dispararem"},"content":{"rendered":"<p>O d\u00f3lar<a href=\"http:\/\/www.exame.com.br\/topicos\/dolar\"><strong>\u00a0<\/strong><\/a>devolveu a alta ante o real exibida mais cedo e fechou a sess\u00e3o desta quarta-feira com queda, depois que os pre\u00e7os do petr\u00f3leo<a href=\"http:\/\/www.exame.com.br\/topicos\/petroleo\"><strong>\u00a0<\/strong><\/a>dispararam com a informa\u00e7\u00e3o de um acordo sobre a produ\u00e7\u00e3o.<\/p>\n<p>O d\u00f3lar recuou 0,28 por cento, a 3,2218 reais na venda. Na ter\u00e7a-feira, a moeda j\u00e1 havia recuado 0,51 por cento. Na m\u00ednima, a moeda marcou 3,2198 reais e, na m\u00e1xima, 3,2557 reais. O d\u00f3lar futuro cedia cerca de 0,4 por cento esta tarde.<\/p>\n<div class=\"teads-inread sm-screen\">\n<div>\n<div class=\"teads-ui-components-label\">&#8220;O salto do petr\u00f3leo criou ambiente para o d\u00f3lar perder for\u00e7a e a fala do Evans (presidente do Fed de Chicago, Charles Evans) de que o ambiente de juros baixo nos Estados Unidos deve ser mantido por algum tempo acabou ajudando&#8221;, justificou um operador de uma corretora nacional.<\/div>\n<\/div>\n<\/div>\n<p>Uma fonte da Opep disse nesta tarde que a organiza\u00e7\u00e3o chegou a um acordo<a href=\"http:\/\/exame.abril.com.br\/mercados\/noticias\/opep-alcanca-acordo-e-precos-fecham-em-alta-de-mais-de-5\" target=\"_blank\">\u00a0<\/a>para limitar a produ\u00e7\u00e3o de petr\u00f3leo, e isso deu sustenta\u00e7\u00e3o aos pre\u00e7os da commodity.<\/p>\n<p>O d\u00f3lar perdeu for\u00e7a imediatamente e, no Brasil, anulou os ganhos e passou a oscilar entre pequenas altas e baixas com a not\u00edcia.<\/p>\n<p>Evans disse que as taxas de juros devem seguir baixas por algum tempo no pa\u00eds e que o aumento n\u00e3o deve acontecer t\u00e3o r\u00e1pido.<\/p>\n<p>Ele, no entanto, n\u00e3o vota nos encontros do comit\u00ea de mercado aberto do Fed.\u00a0<\/p>\n<p>Pela manh\u00e3, o presidente do Fed de Minneapolis, que tamb\u00e9m n\u00e3o vota, Neel Kashkari, havia dito que a economia n\u00e3o estava sobreaquecida e chegou a influenciar pontualmente o d\u00f3lar, j\u00e1 que o mercado entendeu naquele momento que n\u00e3o haveria necessidade de alta de juros neste ano.<\/p>\n<p>Mas quem de fato conduziu o mercado na maior parte da sess\u00e3o foi a chair do Fed, Janet Yellen, ao refor\u00e7ar a percep\u00e7\u00e3o de que a economia dos Estados Unidos est\u00e1 mais forte, fazendo com que o mercado ampliasse as apostas de um aumento de juros na maior economia do mundo este ano.<\/p>\n<p>Na sess\u00e3o de perguntas e respostas, Yellen refor\u00e7ou a percep\u00e7\u00e3o de melhora da economia norte-americana ao dizer que a expectativa \u00e9 que a taxa de desemprego caia mais.\u00a0<\/p>\n<p>Segundo ela, a cria\u00e7\u00e3o de empregos nos EUA est\u00e1 bem acima do que \u00e9 sustent\u00e1vel e essa cont\u00ednua cria\u00e7\u00e3o de emprego levar\u00e1 a um superaquecimento.<\/p>\n<p>&#8220;O mercado entendeu que \u00e9 prov\u00e1vel de fato um aumento de juros neste ano, da\u00ed a press\u00e3o no d\u00f3lar&#8221;, comentou o diretor de opera\u00e7\u00f5es da Mirae Asset, Pablo Spyer.\u00a0<\/p>\n<p>&#8220;Ela indicou que a maioria dos membros do Fomc v\u00ea a alta de juros como prov\u00e1vel este ano.&#8221;<\/p>\n<p>O presidente do Banco Central Europeu, Mario Draghi, tamb\u00e9m falou nesta quarta-feira, mas n\u00e3o adicionou nada que pudesse influenciar nas cota\u00e7\u00f5es.\u00a0<\/p>\n<p>Segundo ele, as taxas de juros baixas do BCE s\u00e3o necess\u00e1rias para reanimar o crescimento e os governos precisam fazer a sua parte se querem que os juros subam para n\u00edveis normais.<\/p>\n<p>Do lado dom\u00e9stico, a press\u00e3o compradora vista em grande parte da sess\u00e3o decorreu tamb\u00e9m da forma\u00e7\u00e3o da Ptax de final de m\u00eas, que \u00e9 a taxa de c\u00e2mbio usada para liquida\u00e7\u00e3o dos derivativos cambiais.<\/p>\n<p>A sinaliza\u00e7\u00e3o do governo de que votar\u00e1 a Proposta de Emenda \u00e0 Constitui\u00e7\u00e3o (PEC) que limita o crescimento dos gastos p\u00fablicos at\u00e9 11 de outubro em primeiro turno na C\u00e2mara, esteve como pano de fundo, justificando a trajet\u00f3ria de baixa da moeda.<\/p>\n<p>O Banco Central vendeu nesta manh\u00e3 todo o lote de 5 mil contratos de swap cambial reverso &#8211;equivalente \u00e0 compra futura de moeda.<\/p>\n<p>Fonte: Exame<\/p>\n","protected":false},"excerpt":{"rendered":"<p>O d\u00f3lar\u00a0devolveu a alta ante o real exibida mais cedo e fechou a sess\u00e3o desta quarta-feira com queda, depois que os pre\u00e7os do petr\u00f3leo\u00a0dispararam com&#8230;<\/p>\n","protected":false},"author":1182,"featured_media":18713,"comment_status":"closed","ping_status":"closed","sticky":false,"template":"","format":"standard","meta":{"footnotes":""},"categories":[6],"tags":[],"class_list":["post-21053","post","type-post","status-publish","format-standard","has-post-thumbnail","hentry","category-noticias"],"_links":{"self":[{"href":"https:\/\/www.sincomam.org.br\/index.php\/wp-json\/wp\/v2\/posts\/21053","targetHints":{"allow":["GET"]}}],"collection":[{"href":"https:\/\/www.sincomam.org.br\/index.php\/wp-json\/wp\/v2\/posts"}],"about":[{"href":"https:\/\/www.sincomam.org.br\/index.php\/wp-json\/wp\/v2\/types\/post"}],"author":[{"embeddable":true,"href":"https:\/\/www.sincomam.org.br\/index.php\/wp-json\/wp\/v2\/users\/1182"}],"replies":[{"embeddable":true,"href":"https:\/\/www.sincomam.org.br\/index.php\/wp-json\/wp\/v2\/comments?post=21053"}],"version-history":[{"count":1,"href":"https:\/\/www.sincomam.org.br\/index.php\/wp-json\/wp\/v2\/posts\/21053\/revisions"}],"predecessor-version":[{"id":21054,"href":"https:\/\/www.sincomam.org.br\/index.php\/wp-json\/wp\/v2\/posts\/21053\/revisions\/21054"}],"wp:featuredmedia":[{"embeddable":true,"href":"https:\/\/www.sincomam.org.br\/index.php\/wp-json\/wp\/v2\/media\/18713"}],"wp:attachment":[{"href":"https:\/\/www.sincomam.org.br\/index.php\/wp-json\/wp\/v2\/media?parent=21053"}],"wp:term":[{"taxonomy":"category","embeddable":true,"href":"https:\/\/www.sincomam.org.br\/index.php\/wp-json\/wp\/v2\/categories?post=21053"},{"taxonomy":"post_tag","embeddable":true,"href":"https:\/\/www.sincomam.org.br\/index.php\/wp-json\/wp\/v2\/tags?post=21053"}],"curies":[{"name":"wp","href":"https:\/\/api.w.org\/{rel}","templated":true}]}}