{"id":21051,"date":"2016-09-29T00:00:15","date_gmt":"2016-09-29T03:00:15","guid":{"rendered":"http:\/\/www.sincomam.org.br\/?p=21051"},"modified":"2016-09-28T17:43:33","modified_gmt":"2016-09-28T20:43:33","slug":"bc-bloqueia-r-30-milhoes-de-empresa-de-palocci","status":"publish","type":"post","link":"https:\/\/www.sincomam.org.br\/index.php\/bc-bloqueia-r-30-milhoes-de-empresa-de-palocci\/","title":{"rendered":"BC bloqueia R$ 30 milh\u00f5es de empresa de Palocci"},"content":{"rendered":"<p>A pedido do juiz federal S\u00e9rio Moro, respons\u00e1vel pelos inqu\u00e9ritos da Opera\u00e7\u00e3o Lava Jato\u00a0na primeira inst\u00e2ncia, o Banco Central\u00a0(BC) bloqueou hoje (28) mais de R$ 814 mil de tr\u00eas contas banc\u00e1rias do ex-ministro da Fazenda\u00a0Antonio Palocci. O ex-ministro foi preso temporariamente na \u00faltima segunda-feira (26), na 35\u00aa fase da Lava Jato.<\/p>\n<p>O BC informou hoje \u00e0 Justi\u00e7a Federal em Curitiba que tamb\u00e9m foram bloqueados R$ 30.064.080,41 da conta da empresa Projeto &#8211; Consultoria Empresarial e Financeira LTDA, que tem Palocci como um dos s\u00f3cios.<\/p>\n<p>Moro havia determinado o bloqueio preventivo de at\u00e9 R$ 128 milh\u00f5es das contas banc\u00e1rias do ex-ministro e tamb\u00e9m das contas do assessor de Palocci Branislav Kontic, e do ex-secret\u00e1rio da Casa Civil Juscelino Dourado.<\/p>\n<p>De acordo com o Banco Central n\u00e3o foram encontrados valores nas contas de Juscelino Antonio Dourado. J\u00e1 Branislav Kontic teve R$ R$ 1.501,03 bloqueados pela autoridade monet\u00e1ria do pa\u00eds.<\/p>\n<p>De acordo com o for\u00e7a-tarefa da Lava Jato, Palocci teve atua\u00e7\u00e3o \u201cintensa e reiterada\u201d na defesa de interesses da empreiteira Odebrecht na administra\u00e7\u00e3o p\u00fablica federal. Segundo as investiga\u00e7\u00f5es que resultaram na Opera\u00e7\u00e3o Omert\u00e1, a empreiteira repassou R$ 128 milh\u00f5es a uma conta que seria gerida pelo ex-ministro.<\/p>\n<p><strong>Defesa<\/strong><\/p>\n<p>O advogado de Palocci, Jos\u00e9 Roberto Batochio, rebateu as acusa\u00e7\u00f5es contra o ex-ministro. \u201cIsso \u00e9 uma coisa absolutamente vaga, vazia. Para quem quer pretexto, isso \u00e9 pretexto, mas o fato \u00e9 que o ex-ministro da Fazenda tem que ter uma interlocu\u00e7\u00e3o com o setor empresarial, com a cadeia produtiva do Brasil, para que se estabele\u00e7am as pol\u00edticas p\u00fablicas. Se um ministro conversa com algu\u00e9m da iniciativa privada, j\u00e1 \u00e9 suspeito de praticar crime?\u201d, questionou Batochio.<\/p>\n<p>Fonte: Exame<\/p>\n","protected":false},"excerpt":{"rendered":"<p>A pedido do juiz federal S\u00e9rio Moro, respons\u00e1vel pelos inqu\u00e9ritos da Opera\u00e7\u00e3o Lava Jato\u00a0na primeira inst\u00e2ncia, o Banco Central\u00a0(BC) bloqueou hoje (28) mais de R$&#8230;<\/p>\n","protected":false},"author":1182,"featured_media":18467,"comment_status":"closed","ping_status":"closed","sticky":false,"template":"","format":"standard","meta":{"footnotes":""},"categories":[6],"tags":[],"class_list":["post-21051","post","type-post","status-publish","format-standard","has-post-thumbnail","hentry","category-noticias"],"_links":{"self":[{"href":"https:\/\/www.sincomam.org.br\/index.php\/wp-json\/wp\/v2\/posts\/21051","targetHints":{"allow":["GET"]}}],"collection":[{"href":"https:\/\/www.sincomam.org.br\/index.php\/wp-json\/wp\/v2\/posts"}],"about":[{"href":"https:\/\/www.sincomam.org.br\/index.php\/wp-json\/wp\/v2\/types\/post"}],"author":[{"embeddable":true,"href":"https:\/\/www.sincomam.org.br\/index.php\/wp-json\/wp\/v2\/users\/1182"}],"replies":[{"embeddable":true,"href":"https:\/\/www.sincomam.org.br\/index.php\/wp-json\/wp\/v2\/comments?post=21051"}],"version-history":[{"count":1,"href":"https:\/\/www.sincomam.org.br\/index.php\/wp-json\/wp\/v2\/posts\/21051\/revisions"}],"predecessor-version":[{"id":21052,"href":"https:\/\/www.sincomam.org.br\/index.php\/wp-json\/wp\/v2\/posts\/21051\/revisions\/21052"}],"wp:featuredmedia":[{"embeddable":true,"href":"https:\/\/www.sincomam.org.br\/index.php\/wp-json\/wp\/v2\/media\/18467"}],"wp:attachment":[{"href":"https:\/\/www.sincomam.org.br\/index.php\/wp-json\/wp\/v2\/media?parent=21051"}],"wp:term":[{"taxonomy":"category","embeddable":true,"href":"https:\/\/www.sincomam.org.br\/index.php\/wp-json\/wp\/v2\/categories?post=21051"},{"taxonomy":"post_tag","embeddable":true,"href":"https:\/\/www.sincomam.org.br\/index.php\/wp-json\/wp\/v2\/tags?post=21051"}],"curies":[{"name":"wp","href":"https:\/\/api.w.org\/{rel}","templated":true}]}}