{"id":21042,"date":"2016-09-28T00:50:09","date_gmt":"2016-09-28T03:50:09","guid":{"rendered":"http:\/\/www.sincomam.org.br\/?p=21042"},"modified":"2016-09-27T10:25:02","modified_gmt":"2016-09-27T13:25:02","slug":"complexo-portuario-do-acu-aumenta-arrecadacao-de-sao-joao-da-barra","status":"publish","type":"post","link":"https:\/\/www.sincomam.org.br\/index.php\/complexo-portuario-do-acu-aumenta-arrecadacao-de-sao-joao-da-barra\/","title":{"rendered":"Complexo Portu\u00e1rio do A\u00e7u aumenta arrecada\u00e7\u00e3o de S\u00e3o Jo\u00e3o da Barra"},"content":{"rendered":"<p>H\u00e1 dez anos, o Porto do A\u00e7u est\u00e1 em opera\u00e7\u00e3o \u00a0e al\u00e9m de terminais portu\u00e1rios, sendo um deles offshore, conta com uma \u00e1rea cont\u00edgua para a instala\u00e7\u00e3o de um distrito industrial e uma retro\u00e1rea para armazenamento de produtos. Atualmente, segundo a Prumo Log\u00edstica, que gerencia o neg\u00f3cio, est\u00e3o instaladas na \u00e1rea, entre outras, empresas como a NOV, que produz tubos para a ind\u00fastria de \u00f3leo e g\u00e1s; a W\u00e4rtsil\u00e4, de montagem e produ\u00e7\u00e3o de geradores e motores de navio, e Ferroport, que possui um terminal dedicado \u00e0 exporta\u00e7\u00e3o de min\u00e9rio de ferro na \u00e1rea. No momento, o grupo tem outros contratos que foram assinados com empresas que est\u00e3o desenvolvendo suas unidades no porto, mas ainda n\u00e3o est\u00e3o operando.<\/p>\n<p>\u201cCom a opera\u00e7\u00e3o das empresas que atuam no Porto do A\u00e7u, atualmente cerca de cinco mil pessoas est\u00e3o empregadas no Complexo Portu\u00e1rio do A\u00e7u, e a arrecada\u00e7\u00e3o de ISSQN do munic\u00edpio de S\u00e3o Jo\u00e3o da Barra aumentou cerca de 7.500% nos \u00faltimos anos, chegando a mais de R$ 60 milh\u00f5es por ano, contribuindo para acelerar o desenvolvimento s\u00f3cio econ\u00f4mico da regi\u00e3o Norte Fluminense\u201d, afirma a Prumo Log\u00edstica.<\/p>\n<p>Para os pr\u00f3ximos anos, a empresa prev\u00ea a expans\u00e3o do T-MULT (Terminal Multicargas), de 500 para 1.200 metros de cais. Est\u00e3o previstos tamb\u00e9m a dragagem do canal de acesso e ber\u00e7os do T-OIL (Terminal de Petr\u00f3leo) para at\u00e9 25 metros de profundidade, o que vai permitir a atraca\u00e7\u00e3o de navios de at\u00e9 320 mil toneladas. Est\u00e3o ainda previstas a instala\u00e7\u00e3o de um acesso ferrovi\u00e1rio at\u00e9 o distrito industrial de S\u00e3o Jo\u00e3o da Barra, que est\u00e1 inclu\u00eddo no Programa de Investimentos em Log\u00edstica (PIL) do governo federal, ligando a regi\u00e3o ao Rio e a Vit\u00f3ria, no Esp\u00edrito Santo.<\/p>\n<p>Fonte:\u00a0Portos e Navios<\/p>\n","protected":false},"excerpt":{"rendered":"<p>H\u00e1 dez anos, o Porto do A\u00e7u est\u00e1 em opera\u00e7\u00e3o \u00a0e al\u00e9m de terminais portu\u00e1rios, sendo um deles offshore, conta com uma \u00e1rea cont\u00edgua para&#8230;<\/p>\n","protected":false},"author":1182,"featured_media":21010,"comment_status":"closed","ping_status":"closed","sticky":false,"template":"","format":"standard","meta":{"footnotes":""},"categories":[6],"tags":[],"class_list":["post-21042","post","type-post","status-publish","format-standard","has-post-thumbnail","hentry","category-noticias"],"_links":{"self":[{"href":"https:\/\/www.sincomam.org.br\/index.php\/wp-json\/wp\/v2\/posts\/21042","targetHints":{"allow":["GET"]}}],"collection":[{"href":"https:\/\/www.sincomam.org.br\/index.php\/wp-json\/wp\/v2\/posts"}],"about":[{"href":"https:\/\/www.sincomam.org.br\/index.php\/wp-json\/wp\/v2\/types\/post"}],"author":[{"embeddable":true,"href":"https:\/\/www.sincomam.org.br\/index.php\/wp-json\/wp\/v2\/users\/1182"}],"replies":[{"embeddable":true,"href":"https:\/\/www.sincomam.org.br\/index.php\/wp-json\/wp\/v2\/comments?post=21042"}],"version-history":[{"count":1,"href":"https:\/\/www.sincomam.org.br\/index.php\/wp-json\/wp\/v2\/posts\/21042\/revisions"}],"predecessor-version":[{"id":21043,"href":"https:\/\/www.sincomam.org.br\/index.php\/wp-json\/wp\/v2\/posts\/21042\/revisions\/21043"}],"wp:featuredmedia":[{"embeddable":true,"href":"https:\/\/www.sincomam.org.br\/index.php\/wp-json\/wp\/v2\/media\/21010"}],"wp:attachment":[{"href":"https:\/\/www.sincomam.org.br\/index.php\/wp-json\/wp\/v2\/media?parent=21042"}],"wp:term":[{"taxonomy":"category","embeddable":true,"href":"https:\/\/www.sincomam.org.br\/index.php\/wp-json\/wp\/v2\/categories?post=21042"},{"taxonomy":"post_tag","embeddable":true,"href":"https:\/\/www.sincomam.org.br\/index.php\/wp-json\/wp\/v2\/tags?post=21042"}],"curies":[{"name":"wp","href":"https:\/\/api.w.org\/{rel}","templated":true}]}}