{"id":21038,"date":"2016-09-28T00:20:35","date_gmt":"2016-09-28T03:20:35","guid":{"rendered":"http:\/\/www.sincomam.org.br\/?p=21038"},"modified":"2016-09-27T10:21:57","modified_gmt":"2016-09-27T13:21:57","slug":"trabalhadores-do-polo-naval-de-rio-grande-cobram-pagamentos-da-ecovix","status":"publish","type":"post","link":"https:\/\/www.sincomam.org.br\/index.php\/trabalhadores-do-polo-naval-de-rio-grande-cobram-pagamentos-da-ecovix\/","title":{"rendered":"Trabalhadores do polo naval de Rio Grande cobram pagamentos da Ecovix"},"content":{"rendered":"<p>A empresa Ecovix, situada no polo naval ga\u00facho, foi novamente alvo de protestos dos seus funcion\u00e1rios. Na manh\u00e3 de ontem, os trabalhadores da companhia realizaram uma assembleia em frente ao estaleiro. A mobiliza\u00e7\u00e3o deve-se ao atraso do adiantamento de sal\u00e1rio e o n\u00e3o pagamento de f\u00e9rias e de rescis\u00f5es, al\u00e9m da preocupa\u00e7\u00e3o quanto \u00e0 remunera\u00e7\u00e3o mensal.<\/p>\n<p>Recentemente, a empresa havia comunicado aos empregados que, devido \u00e0 opera\u00e7\u00e3o da Pol\u00edcia Federal chamada Greenfield (que apura poss\u00edveis fraudes em fundos de pens\u00e3o), foram bloqueadas as contas do grupo. De acordo com o presidente em exerc\u00edcio do Sindicato dos Metal\u00fargicos do Rio Grande e S\u00e3o Jos\u00e9 do Norte, Sadi Machado, agora, a companhia entregou um documento que afirma que a Justi\u00e7a j\u00e1 determinou que o Banco do Brasil libere os recursos.<\/p>\n<p>O dirigente comenta que essa posi\u00e7\u00e3o foi divulgada pelo sindicato aos funcion\u00e1rios do estaleiro. &#8220;O trabalhador foi un\u00e2nime, sem dinheiro, sem trabalho, a gente quer o nosso dinheiro na conta, n\u00e3o queremos papel, chega de promessas&#8221;, enfatiza.<\/p>\n<p>O sindicalista adianta que n\u00e3o ser\u00e3o interrompidas mais vias, como forma de protesto, como aconteceu na manifesta\u00e7\u00e3o realizada na semana passada. &#8220;A nossa luta ser\u00e1 na porta da f\u00e1brica&#8221;, diz. Se a empresa n\u00e3o pagar os colaboradores, hoje os trabalhadores far\u00e3o vig\u00edlia na entrada do estaleiro. Atualmente, s\u00e3o cerca de 5 mil pessoas empregadas pela Ecovix.<\/p>\n<p>Fonte: Jornal do Comercio (POA)<\/p>\n","protected":false},"excerpt":{"rendered":"<p>A empresa Ecovix, situada no polo naval ga\u00facho, foi novamente alvo de protestos dos seus funcion\u00e1rios. Na manh\u00e3 de ontem, os trabalhadores da companhia realizaram&#8230;<\/p>\n","protected":false},"author":1182,"featured_media":18019,"comment_status":"closed","ping_status":"closed","sticky":false,"template":"","format":"standard","meta":{"footnotes":""},"categories":[6],"tags":[],"class_list":["post-21038","post","type-post","status-publish","format-standard","has-post-thumbnail","hentry","category-noticias"],"_links":{"self":[{"href":"https:\/\/www.sincomam.org.br\/index.php\/wp-json\/wp\/v2\/posts\/21038","targetHints":{"allow":["GET"]}}],"collection":[{"href":"https:\/\/www.sincomam.org.br\/index.php\/wp-json\/wp\/v2\/posts"}],"about":[{"href":"https:\/\/www.sincomam.org.br\/index.php\/wp-json\/wp\/v2\/types\/post"}],"author":[{"embeddable":true,"href":"https:\/\/www.sincomam.org.br\/index.php\/wp-json\/wp\/v2\/users\/1182"}],"replies":[{"embeddable":true,"href":"https:\/\/www.sincomam.org.br\/index.php\/wp-json\/wp\/v2\/comments?post=21038"}],"version-history":[{"count":1,"href":"https:\/\/www.sincomam.org.br\/index.php\/wp-json\/wp\/v2\/posts\/21038\/revisions"}],"predecessor-version":[{"id":21039,"href":"https:\/\/www.sincomam.org.br\/index.php\/wp-json\/wp\/v2\/posts\/21038\/revisions\/21039"}],"wp:featuredmedia":[{"embeddable":true,"href":"https:\/\/www.sincomam.org.br\/index.php\/wp-json\/wp\/v2\/media\/18019"}],"wp:attachment":[{"href":"https:\/\/www.sincomam.org.br\/index.php\/wp-json\/wp\/v2\/media?parent=21038"}],"wp:term":[{"taxonomy":"category","embeddable":true,"href":"https:\/\/www.sincomam.org.br\/index.php\/wp-json\/wp\/v2\/categories?post=21038"},{"taxonomy":"post_tag","embeddable":true,"href":"https:\/\/www.sincomam.org.br\/index.php\/wp-json\/wp\/v2\/tags?post=21038"}],"curies":[{"name":"wp","href":"https:\/\/api.w.org\/{rel}","templated":true}]}}