{"id":20918,"date":"2016-09-16T00:29:44","date_gmt":"2016-09-16T03:29:44","guid":{"rendered":"http:\/\/www.sincomam.org.br\/?p=20918"},"modified":"2016-09-16T08:38:08","modified_gmt":"2016-09-16T11:38:08","slug":"nucleo-especial-de-policia-maritima-ganhara-nova-sede-no-porto-de-santos","status":"publish","type":"post","link":"https:\/\/www.sincomam.org.br\/index.php\/nucleo-especial-de-policia-maritima-ganhara-nova-sede-no-porto-de-santos\/","title":{"rendered":"N\u00facleo Especial de Pol\u00edcia Mar\u00edtima ganhar\u00e1 nova sede no Porto de Santos"},"content":{"rendered":"<p>At\u00e9 o primeiro semestre do ano que vem, o N\u00facleo Especial de Pol\u00edcia Mar\u00edtima (Nepom) de Santos ter\u00e1 um novo endere\u00e7o. O departamento far\u00e1 parte do novo complexo da Pol\u00edcia Federal (PF) no Porto, a ser instalado em parte da \u00e1rea do antigo Terminal Pesqueiro P\u00fabico de Santos (TPPS), na Ponta da Praia. Uma parcela do terreno, com 6 mil metros quadrados, foi cedida pela Secretaria de Patrim\u00f4nio da Uni\u00e3o (SPU) ao \u00f3rg\u00e3o no \u00faltimo dia 5.<\/p>\n<p>De acordo com o delegado-chefe da PF em Santos, J\u00falio C\u00e9sar Baida Filho, a \u00e1rea cedida fica ao lado do terminal da ADM do Brasil. Segundo ele, uma outra \u00e1rea, com aproximadamente 2 mil metros quadrados e com acesso \u00e0 Avenida M\u00e1rio Covas, ainda ser\u00e1 repassada pela SPU. Isso deve acontecer em cerca de dois meses. Assim, a nova sede da autoridade policial deve ocupar mais de 8 mil metros quadrados.<\/p>\n<p>A PF trabalha com o plano de implantar sua nova sede no local. Todas as atividades ser\u00e3o concentradas na Ponta da Praia, inclusive o atendimento ao p\u00fablico que hoje funciona no Centro da Cidade. \u201cSer\u00e1 um salto de qualidade para a Pol\u00edcia Federal de propor\u00e7\u00e3o dif\u00edcil de imaginar\u201d, destacou Baida.<\/p>\n<p>O projeto b\u00e1sico j\u00e1 foi elaborado e conta com um edif\u00edcio de 12 pavimentos, com heliponto, 300 vagas de estacionamento e um boulevard para o atendimento ao p\u00fablico.<\/p>\n<p>Mas para Baida, o grande diferencial da nova sede ser\u00e1 sua localiza\u00e7\u00e3o. Al\u00e9m de ter uma vis\u00e3o privilegiada do acesso ao Porto, a \u00e1rea cedida fica pr\u00f3xima ao terminais portu\u00e1rios de ambas as margens do complexo. Tamb\u00e9m permitir\u00e1 um r\u00e1pido deslocamento para a zona de fundeio do Porto, onde ficam os navios antes de receberem autoriza\u00e7\u00e3o para atracarem no cais santista.<\/p>\n<p>A velocidade no atendimento a ocorr\u00eancias em Guaruj\u00e1 e em outras cidades da regi\u00e3o tamb\u00e9m \u00e9 outro ponto favor\u00e1vel, destaca o delegado-chefe da PF. Isso ser\u00e1 poss\u00edvel pois todas as embarca\u00e7\u00f5es ficar\u00e3o \u00e0 disposi\u00e7\u00e3o em um atracadouro a ser constru\u00eddo no local.<\/p>\n<p>\u201c\u00c9 o projeto de uma sede para os pr\u00f3ximos 100, 200 anos. Poderemos ficar de maneira definitiva, com as adequa\u00e7\u00f5es necess\u00e1rias\u201d, destacou Baida, que articulou a cess\u00e3o da \u00e1rea.<\/p>\n<p><strong>Servi\u00e7os<\/strong><\/p>\n<p>Os servi\u00e7os de atendimento ao p\u00fablico, que incluem a emiss\u00e3o de passaportes, tamb\u00e9m ser\u00e3o deslocados para a nova sede da PF, na Ponta da Praia, assim como os gabinetes de delegados, os departamentos de intelig\u00eancia e ainda os laborat\u00f3rios t\u00e9cnico-cient\u00edficos. Hoje, 24 munic\u00edpios s\u00e3o atendidos pelo efetivo que tem sede em Santos.<\/p>\n<p>De acordo com Baida, o Nepom ser\u00e1 o primeiro departamento instalado no local \u2013 o que ocorrer\u00e1 at\u00e9 o primeiro semestre do ano que vem. Nesse per\u00edodo, ser\u00e1 elaborado o projeto-executivo de todo o empreendimento. J\u00e1 a licita\u00e7\u00e3o da constru\u00e7\u00e3o da nova sede est\u00e1 prevista para o in\u00edcio de 2018. Mas isso depende do remanejamento de recursos federais.<\/p>\n<p><strong>Venda<\/strong><\/p>\n<p>No in\u00edcio do m\u00eas passado, o Governo do Estado, afirmando ser o dono da \u00e1rea do TPPS, anunciou que pretendia vender o terreno. Mas tanto para a Prefeitura como para a Uni\u00e3o, a gleba \u00e9 propriedade do Governo Federal.<\/p>\n<p>O impasse pode ter sido resolvido no final do m\u00eas, quando o deputado federal Jo\u00e3o Paulo Papa (PSDB-SP) pediu ao Estado para cancelar a venda da \u00e1rea, defendendo os planos da Uni\u00e3o para o local.<\/p>\n<p>Fonte: Tribuna<\/p>\n","protected":false},"excerpt":{"rendered":"<p>At\u00e9 o primeiro semestre do ano que vem, o N\u00facleo Especial de Pol\u00edcia Mar\u00edtima (Nepom) de Santos ter\u00e1 um novo endere\u00e7o. O departamento far\u00e1 parte&#8230;<\/p>\n","protected":false},"author":1182,"featured_media":18514,"comment_status":"closed","ping_status":"closed","sticky":false,"template":"","format":"standard","meta":{"footnotes":""},"categories":[6],"tags":[],"class_list":["post-20918","post","type-post","status-publish","format-standard","has-post-thumbnail","hentry","category-noticias"],"_links":{"self":[{"href":"https:\/\/www.sincomam.org.br\/index.php\/wp-json\/wp\/v2\/posts\/20918","targetHints":{"allow":["GET"]}}],"collection":[{"href":"https:\/\/www.sincomam.org.br\/index.php\/wp-json\/wp\/v2\/posts"}],"about":[{"href":"https:\/\/www.sincomam.org.br\/index.php\/wp-json\/wp\/v2\/types\/post"}],"author":[{"embeddable":true,"href":"https:\/\/www.sincomam.org.br\/index.php\/wp-json\/wp\/v2\/users\/1182"}],"replies":[{"embeddable":true,"href":"https:\/\/www.sincomam.org.br\/index.php\/wp-json\/wp\/v2\/comments?post=20918"}],"version-history":[{"count":1,"href":"https:\/\/www.sincomam.org.br\/index.php\/wp-json\/wp\/v2\/posts\/20918\/revisions"}],"predecessor-version":[{"id":20919,"href":"https:\/\/www.sincomam.org.br\/index.php\/wp-json\/wp\/v2\/posts\/20918\/revisions\/20919"}],"wp:featuredmedia":[{"embeddable":true,"href":"https:\/\/www.sincomam.org.br\/index.php\/wp-json\/wp\/v2\/media\/18514"}],"wp:attachment":[{"href":"https:\/\/www.sincomam.org.br\/index.php\/wp-json\/wp\/v2\/media?parent=20918"}],"wp:term":[{"taxonomy":"category","embeddable":true,"href":"https:\/\/www.sincomam.org.br\/index.php\/wp-json\/wp\/v2\/categories?post=20918"},{"taxonomy":"post_tag","embeddable":true,"href":"https:\/\/www.sincomam.org.br\/index.php\/wp-json\/wp\/v2\/tags?post=20918"}],"curies":[{"name":"wp","href":"https:\/\/api.w.org\/{rel}","templated":true}]}}