{"id":20906,"date":"2016-09-14T00:10:30","date_gmt":"2016-09-14T03:10:30","guid":{"rendered":"http:\/\/www.sincomam.org.br\/?p=20906"},"modified":"2016-09-13T22:36:34","modified_gmt":"2016-09-14T01:36:34","slug":"cunha-rebate-comentarios-de-renan-calheiros","status":"publish","type":"post","link":"https:\/\/www.sincomam.org.br\/index.php\/cunha-rebate-comentarios-de-renan-calheiros\/","title":{"rendered":"Cunha rebate coment\u00e1rios de Renan Calheiros"},"content":{"rendered":"<div data-template-placeholder=\"content-placeholder\">\n<p>Cassado na \u00faltima segunda, 12, pelo plen\u00e1rio da C\u00e2mara, o ex-deputado Eduardo Cunha\u00a0(PMDB-RJ) divulgou nota rebatendo os coment\u00e1rios do presidente do Senado, Renan Calheiros\u00a0(PMDB-AL).\u00a0<\/p>\n<p>Em tr\u00eas par\u00e1grafos, Cunha reclama que mat\u00e9rias relevantes oriundas da C\u00e2mara n\u00e3o foram apreciadas pelo Senado e repete que as investiga\u00e7\u00f5es da Opera\u00e7\u00e3o Lava Jato n\u00e3o tiveram as mesmas consequ\u00eancias sobre Renan. Ao final, Cunha alfineta o colega de partido.<\/p>\n<p>&#8220;Com todo desejo de sucesso ao presidente do Senado no comando da Casa, e acreditando na sua inoc\u00eancia, espero que os ventos que nele chegam atrav\u00e9s de mais de uma dezena de delatores e inqu\u00e9ritos no STF, incluindo S\u00e9rgio Machado, n\u00e3o se transformem em tempestade&#8221;, diz a nota. &#8220;E que ele consiga manter o c\u00e1lice afastado dele&#8221;, finalizou.<\/p>\n<p>Mais cedo, Renan tentou se distanciar da imagem de Cunha. &#8220;Afasta de mim esse c\u00e1lice&#8221;, brincou o senador, evitando comentar afirma\u00e7\u00f5es de Cunha, que disse ontem na C\u00e2mara que as den\u00fancias dos parlamentares teriam um tratamento diferenciado das dele no Supremo Tribunal Federal.<\/p>\n<p>Na sess\u00e3o de cassa\u00e7\u00e3o, Cunha reclamou que virou alvo priorit\u00e1rio das investiga\u00e7\u00f5es. O ex-deputado \u00e9 r\u00e9u em dois processos no STF e \u00e9 alvo de investiga\u00e7\u00e3o em outras sete frentes.\u00a0<\/p>\n<p>J\u00e1 o senador n\u00e3o \u00e9 r\u00e9u, mas \u00e9 investigado em 12 inqu\u00e9ritos no STF. &#8220;Eu n\u00e3o quero de forma nenhuma falar sobre isso (cassa\u00e7\u00e3o de Cunha), mas quem planta vento, colhe tempestade, isso \u00e9 uma lei da natureza&#8221;, comentou o presidente do Senado.<\/p>\n<p>Nesta ter\u00e7a, Cunha disse que, durante o per\u00edodo em que presidiu a C\u00e2mara, n\u00e3o houve mat\u00e9rias de car\u00e1ter relevante provenientes do Senado que n\u00e3o foram apreciadas pelos deputados, ao contr\u00e1rio do Senado, que n\u00e3o colocou em vota\u00e7\u00e3o o projeto de terceiriza\u00e7\u00e3o, a redu\u00e7\u00e3o da maioridade penal, a PEC da Reforma Pol\u00edtica, entre outros projetos encampados por Cunha e aprovados pela Casa. &#8220;Esperamos que o Senado aprecie essas mat\u00e9rias&#8221;, destacou.<\/p>\n<p>Cunha lembrou que a a\u00e7\u00e3o penal 982 &#8211; que envolve dela\u00e7\u00f5es referentes \u00e0s negocia\u00e7\u00f5es de sondas da Petrobras &#8211; s\u00f3 atingiu a ele. &#8220;Os mesmos delatores, nas suas dela\u00e7\u00f5es, acusam como benefici\u00e1rios das supostas vantagens indevidas montando a US$ 6 milh\u00f5es os senadores Renan Calheiros, Jader Barbalho, Delc\u00eddio Amaral e Silas Rondeau. Entretanto, a a\u00e7\u00e3o penal que deveria ser indivis\u00edvel, segundo o C\u00f3digo Penal, foi aberta apenas contra mim&#8221;, lamenta o ex-parlamentar.<\/p>\n<div>Fonte: Exame<\/div>\n<\/div>\n","protected":false},"excerpt":{"rendered":"<p>Cassado na \u00faltima segunda, 12, pelo plen\u00e1rio da C\u00e2mara, o ex-deputado Eduardo Cunha\u00a0(PMDB-RJ) divulgou nota rebatendo os coment\u00e1rios do presidente do Senado, Renan Calheiros\u00a0(PMDB-AL).\u00a0 Em&#8230;<\/p>\n","protected":false},"author":1182,"featured_media":18249,"comment_status":"closed","ping_status":"closed","sticky":false,"template":"","format":"standard","meta":{"footnotes":""},"categories":[6],"tags":[],"class_list":["post-20906","post","type-post","status-publish","format-standard","has-post-thumbnail","hentry","category-noticias"],"_links":{"self":[{"href":"https:\/\/www.sincomam.org.br\/index.php\/wp-json\/wp\/v2\/posts\/20906","targetHints":{"allow":["GET"]}}],"collection":[{"href":"https:\/\/www.sincomam.org.br\/index.php\/wp-json\/wp\/v2\/posts"}],"about":[{"href":"https:\/\/www.sincomam.org.br\/index.php\/wp-json\/wp\/v2\/types\/post"}],"author":[{"embeddable":true,"href":"https:\/\/www.sincomam.org.br\/index.php\/wp-json\/wp\/v2\/users\/1182"}],"replies":[{"embeddable":true,"href":"https:\/\/www.sincomam.org.br\/index.php\/wp-json\/wp\/v2\/comments?post=20906"}],"version-history":[{"count":1,"href":"https:\/\/www.sincomam.org.br\/index.php\/wp-json\/wp\/v2\/posts\/20906\/revisions"}],"predecessor-version":[{"id":20907,"href":"https:\/\/www.sincomam.org.br\/index.php\/wp-json\/wp\/v2\/posts\/20906\/revisions\/20907"}],"wp:featuredmedia":[{"embeddable":true,"href":"https:\/\/www.sincomam.org.br\/index.php\/wp-json\/wp\/v2\/media\/18249"}],"wp:attachment":[{"href":"https:\/\/www.sincomam.org.br\/index.php\/wp-json\/wp\/v2\/media?parent=20906"}],"wp:term":[{"taxonomy":"category","embeddable":true,"href":"https:\/\/www.sincomam.org.br\/index.php\/wp-json\/wp\/v2\/categories?post=20906"},{"taxonomy":"post_tag","embeddable":true,"href":"https:\/\/www.sincomam.org.br\/index.php\/wp-json\/wp\/v2\/tags?post=20906"}],"curies":[{"name":"wp","href":"https:\/\/api.w.org\/{rel}","templated":true}]}}