{"id":20896,"date":"2016-09-13T01:16:50","date_gmt":"2016-09-13T04:16:50","guid":{"rendered":"http:\/\/www.sincomam.org.br\/?p=20896"},"modified":"2016-09-13T01:16:50","modified_gmt":"2016-09-13T04:16:50","slug":"em-ano-de-crise-braskem-aumenta-investimentos-em-60","status":"publish","type":"post","link":"https:\/\/www.sincomam.org.br\/index.php\/em-ano-de-crise-braskem-aumenta-investimentos-em-60\/","title":{"rendered":"Em ano de crise, Braskem aumenta investimentos em 60%"},"content":{"rendered":"<p>Com um plano de investimento de mais de R$ 3,5 bilh\u00f5es em 2016, montante 60% superior ao realizado em 2015, a Braskem mant\u00e9m sua aposta no setor de Qu\u00edmica e Petroqu\u00edmica no Brasil \u2014 categoria em que \u00e9 a campe\u00e3 da edi\u00e7\u00e3o 2016 do anu\u00e1rio \u201cValor 1000\u201d, cuja cerim\u00f4nia de entrega acontece nesta noite, em S\u00e3o Paulo.<\/p>\n<p>\u201cIndependentemente do cen\u00e1rio pol\u00edtico, a Braskem mant\u00e9m uma s\u00f3lida pol\u00edtica de investimentos \u2014 seja no Brasil seja no exterior. Essa din\u00e2mica n\u00e3o mudou nesse cen\u00e1rio\u201d, destacou o presidente da empresa, Fernando Musa. Os recursos j\u00e1 foram ou est\u00e3o sendo implantados, em investimentos estrat\u00e9gicos ou destinando \u00e0 manuten\u00e7\u00e3o das f\u00e1bricas da companhia.<\/p>\n<p>A percep\u00e7\u00e3o \u00e9 que o cen\u00e1rio econ\u00f4mico parou de piorar \u2014 e vai cair menos. \u201cNotamos uma pequena recupera\u00e7\u00e3o do mercado interno de resinas termopl\u00e1sticas no segundo trimestre, o que fez a gente rever a previs\u00e3o de demanda do mercado brasileiro. Em vez de cair 7%, agora a previs\u00e3o \u00e9 que a demanda no Brasil por esses produtos recue entre 5% e 6%\u201d, disse o executivo.<\/p>\n<p>Para Musa, a prioridade do governo de Michel Temer deve ser a de retomar o crescimento econ\u00f4mico sustentado. \u201cIndependentemente do governo, o Brasil precisa priorizar uma agenda de crescimento econ\u00f4mico para as pr\u00f3ximas d\u00e9cadas. Uma agenda que passe pela prioriza\u00e7\u00e3o do setor industrial, que \u00e9 capaz de gerar maior competitividade para a economia brasileira e ataque os grandes problemas estruturais, como a reforma tribut\u00e1ria, legisla\u00e7\u00e3o trabalhista\u201d, afirmou.<\/p>\n<p>Ao ser questionado se est\u00e1 preocupado com as manifesta\u00e7\u00f5es populares, disse que n\u00e3o. \u201cRespeitada a integridade f\u00edsica das pessoas e do patrim\u00f4nio p\u00fablico e privado, a manifesta\u00e7\u00e3o de opini\u00f5es \u00e9 leg\u00edtima e natural numa sociedade democr\u00e1tica, em que as pessoas possuem como direito constitucional a liberdade de express\u00e3o\u201d, sustentou.<\/p>\n<p>Fonte: Valor Econ\u00f4mico<\/p>\n","protected":false},"excerpt":{"rendered":"<p>Com um plano de investimento de mais de R$ 3,5 bilh\u00f5es em 2016, montante 60% superior ao realizado em 2015, a Braskem mant\u00e9m sua aposta&#8230;<\/p>\n","protected":false},"author":1182,"featured_media":20496,"comment_status":"closed","ping_status":"closed","sticky":false,"template":"","format":"standard","meta":{"footnotes":""},"categories":[6],"tags":[],"class_list":["post-20896","post","type-post","status-publish","format-standard","has-post-thumbnail","hentry","category-noticias"],"_links":{"self":[{"href":"https:\/\/www.sincomam.org.br\/index.php\/wp-json\/wp\/v2\/posts\/20896","targetHints":{"allow":["GET"]}}],"collection":[{"href":"https:\/\/www.sincomam.org.br\/index.php\/wp-json\/wp\/v2\/posts"}],"about":[{"href":"https:\/\/www.sincomam.org.br\/index.php\/wp-json\/wp\/v2\/types\/post"}],"author":[{"embeddable":true,"href":"https:\/\/www.sincomam.org.br\/index.php\/wp-json\/wp\/v2\/users\/1182"}],"replies":[{"embeddable":true,"href":"https:\/\/www.sincomam.org.br\/index.php\/wp-json\/wp\/v2\/comments?post=20896"}],"version-history":[{"count":1,"href":"https:\/\/www.sincomam.org.br\/index.php\/wp-json\/wp\/v2\/posts\/20896\/revisions"}],"predecessor-version":[{"id":20897,"href":"https:\/\/www.sincomam.org.br\/index.php\/wp-json\/wp\/v2\/posts\/20896\/revisions\/20897"}],"wp:featuredmedia":[{"embeddable":true,"href":"https:\/\/www.sincomam.org.br\/index.php\/wp-json\/wp\/v2\/media\/20496"}],"wp:attachment":[{"href":"https:\/\/www.sincomam.org.br\/index.php\/wp-json\/wp\/v2\/media?parent=20896"}],"wp:term":[{"taxonomy":"category","embeddable":true,"href":"https:\/\/www.sincomam.org.br\/index.php\/wp-json\/wp\/v2\/categories?post=20896"},{"taxonomy":"post_tag","embeddable":true,"href":"https:\/\/www.sincomam.org.br\/index.php\/wp-json\/wp\/v2\/tags?post=20896"}],"curies":[{"name":"wp","href":"https:\/\/api.w.org\/{rel}","templated":true}]}}