{"id":20892,"date":"2016-09-13T00:05:05","date_gmt":"2016-09-13T03:05:05","guid":{"rendered":"http:\/\/www.sincomam.org.br\/?p=20892"},"modified":"2016-09-13T01:12:51","modified_gmt":"2016-09-13T04:12:51","slug":"meirelles-defende-equilibrio-de-contas-para-economia-crescer","status":"publish","type":"post","link":"https:\/\/www.sincomam.org.br\/index.php\/meirelles-defende-equilibrio-de-contas-para-economia-crescer\/","title":{"rendered":"Meirelles defende equil\u00edbrio de contas para economia crescer"},"content":{"rendered":"<p>O ministro da Fazenda, Henrique Meirelles, voltou a defender nesta segunda-feira a import\u00e2ncia do equil\u00edbrio das contas p\u00fablicas como meio de fazer o pa\u00eds voltar a crescer, destacando que a recess\u00e3o e o desemprego s\u00e3o os maiores problemas do pa\u00eds atualmente.<\/p>\n<p>Falando a jornalistas em S\u00e3o Paulo, Meirelles voltou a dizer que o Executivo j\u00e1 se posicionou contrariamente ao reajuste do Judici\u00e1rio, com impacto potencial nos gastos p\u00fablicos, mas ressaltou que a decis\u00e3o sobre o assunto cabe ao Congresso Nacional.\u00a0<\/p>\n<div>Fonte: Folha de SP<\/div>\n","protected":false},"excerpt":{"rendered":"<p>O ministro da Fazenda, Henrique Meirelles, voltou a defender nesta segunda-feira a import\u00e2ncia do equil\u00edbrio das contas p\u00fablicas como meio de fazer o pa\u00eds voltar&#8230;<\/p>\n","protected":false},"author":1182,"featured_media":19487,"comment_status":"closed","ping_status":"closed","sticky":false,"template":"","format":"standard","meta":{"footnotes":""},"categories":[6],"tags":[],"class_list":["post-20892","post","type-post","status-publish","format-standard","has-post-thumbnail","hentry","category-noticias"],"_links":{"self":[{"href":"https:\/\/www.sincomam.org.br\/index.php\/wp-json\/wp\/v2\/posts\/20892","targetHints":{"allow":["GET"]}}],"collection":[{"href":"https:\/\/www.sincomam.org.br\/index.php\/wp-json\/wp\/v2\/posts"}],"about":[{"href":"https:\/\/www.sincomam.org.br\/index.php\/wp-json\/wp\/v2\/types\/post"}],"author":[{"embeddable":true,"href":"https:\/\/www.sincomam.org.br\/index.php\/wp-json\/wp\/v2\/users\/1182"}],"replies":[{"embeddable":true,"href":"https:\/\/www.sincomam.org.br\/index.php\/wp-json\/wp\/v2\/comments?post=20892"}],"version-history":[{"count":1,"href":"https:\/\/www.sincomam.org.br\/index.php\/wp-json\/wp\/v2\/posts\/20892\/revisions"}],"predecessor-version":[{"id":20893,"href":"https:\/\/www.sincomam.org.br\/index.php\/wp-json\/wp\/v2\/posts\/20892\/revisions\/20893"}],"wp:featuredmedia":[{"embeddable":true,"href":"https:\/\/www.sincomam.org.br\/index.php\/wp-json\/wp\/v2\/media\/19487"}],"wp:attachment":[{"href":"https:\/\/www.sincomam.org.br\/index.php\/wp-json\/wp\/v2\/media?parent=20892"}],"wp:term":[{"taxonomy":"category","embeddable":true,"href":"https:\/\/www.sincomam.org.br\/index.php\/wp-json\/wp\/v2\/categories?post=20892"},{"taxonomy":"post_tag","embeddable":true,"href":"https:\/\/www.sincomam.org.br\/index.php\/wp-json\/wp\/v2\/tags?post=20892"}],"curies":[{"name":"wp","href":"https:\/\/api.w.org\/{rel}","templated":true}]}}