{"id":20890,"date":"2016-09-13T01:10:56","date_gmt":"2016-09-13T04:10:56","guid":{"rendered":"http:\/\/www.sincomam.org.br\/?p=20890"},"modified":"2016-09-13T01:10:56","modified_gmt":"2016-09-13T04:10:56","slug":"temer-sanciona-prorrogacao-do-mais-medicos-por-mais-3-anos","status":"publish","type":"post","link":"https:\/\/www.sincomam.org.br\/index.php\/temer-sanciona-prorrogacao-do-mais-medicos-por-mais-3-anos\/","title":{"rendered":"Temer sanciona prorroga\u00e7\u00e3o do Mais M\u00e9dicos por mais 3 anos"},"content":{"rendered":"<p>O presidente Michel Temer\u00a0sancionou a lei que prorroga a dispensa de diploma para m\u00e9dicos estrangeiros e brasileiros formados no exterior.\u00a0<\/p>\n<p>A legisla\u00e7\u00e3o foi aprovada no fim de agosto na C\u00e2mara dos Deputados e no Senado, e estende por mais tr\u00eas anos o prazo no \u00e2mbito do programa Mais M\u00e9dicos.<\/p>\n<p>Com o texto, profissionais intercambistas que participam do programa continuar\u00e3o dispensados da valida\u00e7\u00e3o dos diplomas de medicina e tamb\u00e9m v\u00e3o continuar com direito ao visto tempor\u00e1rio. Com a san\u00e7\u00e3o, a nova lei ser\u00e1 publicada no Di\u00e1rio Oficial da Uni\u00e3o desta ter\u00e7a-feira (13).<\/p>\n<p>A prorroga\u00e7\u00e3o prov\u00e9m de uma medida provis\u00f3ria enviada ao Congresso em abril pelo governo federal.<\/p>\n<p>Fonte: O Estado de SP<\/p>\n","protected":false},"excerpt":{"rendered":"<p>O presidente Michel Temer\u00a0sancionou a lei que prorroga a dispensa de diploma para m\u00e9dicos estrangeiros e brasileiros formados no exterior.\u00a0 A legisla\u00e7\u00e3o foi aprovada no&#8230;<\/p>\n","protected":false},"author":1182,"featured_media":19507,"comment_status":"closed","ping_status":"closed","sticky":false,"template":"","format":"standard","meta":{"footnotes":""},"categories":[6],"tags":[],"class_list":["post-20890","post","type-post","status-publish","format-standard","has-post-thumbnail","hentry","category-noticias"],"_links":{"self":[{"href":"https:\/\/www.sincomam.org.br\/index.php\/wp-json\/wp\/v2\/posts\/20890","targetHints":{"allow":["GET"]}}],"collection":[{"href":"https:\/\/www.sincomam.org.br\/index.php\/wp-json\/wp\/v2\/posts"}],"about":[{"href":"https:\/\/www.sincomam.org.br\/index.php\/wp-json\/wp\/v2\/types\/post"}],"author":[{"embeddable":true,"href":"https:\/\/www.sincomam.org.br\/index.php\/wp-json\/wp\/v2\/users\/1182"}],"replies":[{"embeddable":true,"href":"https:\/\/www.sincomam.org.br\/index.php\/wp-json\/wp\/v2\/comments?post=20890"}],"version-history":[{"count":1,"href":"https:\/\/www.sincomam.org.br\/index.php\/wp-json\/wp\/v2\/posts\/20890\/revisions"}],"predecessor-version":[{"id":20891,"href":"https:\/\/www.sincomam.org.br\/index.php\/wp-json\/wp\/v2\/posts\/20890\/revisions\/20891"}],"wp:featuredmedia":[{"embeddable":true,"href":"https:\/\/www.sincomam.org.br\/index.php\/wp-json\/wp\/v2\/media\/19507"}],"wp:attachment":[{"href":"https:\/\/www.sincomam.org.br\/index.php\/wp-json\/wp\/v2\/media?parent=20890"}],"wp:term":[{"taxonomy":"category","embeddable":true,"href":"https:\/\/www.sincomam.org.br\/index.php\/wp-json\/wp\/v2\/categories?post=20890"},{"taxonomy":"post_tag","embeddable":true,"href":"https:\/\/www.sincomam.org.br\/index.php\/wp-json\/wp\/v2\/tags?post=20890"}],"curies":[{"name":"wp","href":"https:\/\/api.w.org\/{rel}","templated":true}]}}