{"id":20886,"date":"2016-09-13T01:07:24","date_gmt":"2016-09-13T04:07:24","guid":{"rendered":"http:\/\/www.sincomam.org.br\/?p=20886"},"modified":"2016-09-13T01:07:24","modified_gmt":"2016-09-13T04:07:24","slug":"camara-aprova-cassacao-de-cunha","status":"publish","type":"post","link":"https:\/\/www.sincomam.org.br\/index.php\/camara-aprova-cassacao-de-cunha\/","title":{"rendered":"C\u00e2mara aprova cassa\u00e7\u00e3o de Cunha"},"content":{"rendered":"<p>Apesar dos temores de que a sess\u00e3o para decidir sobre a cassa\u00e7\u00e3o de Eduardo Cunha\u00a0(PMDB-RJ) seria esvaziada, o plen\u00e1rio estava cheio e 450 deputados votaram a favor da perda de mandato do ex-presidente da C\u00e2mara dos Deputados.<\/p>\n<p>Com dura\u00e7\u00e3o de 4 horas, a sess\u00e3o marcou o derradeiro cap\u00edtulo do processo de cassa\u00e7\u00e3o do peemedebista. No total, 450 deputados votaram para que Cunha fosse cassado. Por outro lado, 10 parlamentares votaram contra cassa\u00e7\u00e3o do peemedebista e 9 se\u00a0abstiveram.<\/p>\n<p>Considerado um dos pol\u00edticos mais articulados, Cunha viu o poder que conquistou ao chegar \u00e0 presid\u00eancia da C\u00e2mara fugir das suas m\u00e3os depois que seu nome foi ligado a uma s\u00e9rie de esc\u00e2ndalos.<\/p>\n<p>R\u00e9u no Supremo Tribunal Federal\u00a0(STF) pelos crimes de corrup\u00e7\u00e3o e lavagem de dinheiro, Cunha tamb\u00e9m \u00e9 acusado de ter recebido propina no esquema da Petrobras investigado pela Opera\u00e7\u00e3o Lava Jato.<\/p>\n<p>Al\u00e9m disso, o peemedebista \u00e9 acusado de usar seu cargo \u00e0 frente da Presid\u00eancia da C\u00e2mara para constranger, intimidar parlamentares, r\u00e9us, colaboradores, advogados e agentes p\u00fablicos com o objetivo de embara\u00e7ar e retardar investiga\u00e7\u00f5es.<\/p>\n<p><strong>Pedido de cassa\u00e7\u00e3o<\/strong><\/p>\n<p>Diante de tantas suspeitas, Cunha viu os partidos PSOL e Rede pedirem a cassa\u00e7\u00e3o de seu mandato no Conselho de \u00c9tica da C\u00e2mara por quebra de decoro. Os partidos alegam que Cunha teria mentido na CPI da Petrobras ao afirmar que n\u00e3o tinha contas no exterior.<\/p>\n<p>O pedido de cassa\u00e7\u00e3o foi feito em outubro de 2015. Instaurado em novembro, o processo s\u00f3 passou a tramitar no in\u00edcio de 2016. A demora aconteceu por causa de uma s\u00e9rie de manobras de Cunha e de seus aliados.<\/p>\n<p>Em novembro do ano passado, protestos contra o deputado se intensificaram em todo o pa\u00eds. Houve manifesta\u00e7\u00f5es em Bras\u00edlia, Rio de Janeiro, S\u00e3o Paulo, Vit\u00f3ria, Porto Alegre, Belo Horizonte, entre outras cidades.<\/p>\n<p><strong>Cunha e o impeachment de Dilma<\/strong><\/p>\n<p>Em dezembro do ano passado, Cunha aceitou o pedido de impeachment contra a ex-presidente Dilma Rousseff, assinado pela advogada Jana\u00edna Paschoal e pelos juristas H\u00e9lio Bicudo e Miguel Reale J\u00fanior.<\/p>\n<p>Aliados da ex-presidente afirmaram que ele aceitou o pedido ap\u00f3s o PT sinalizar que n\u00e3o votaria para que ele conseguisse evitar a continuidade do processo de cassa\u00e7\u00e3o.<\/p>\n<p>Na \u00e9poca, a PGR pediu o afastamento de Cunha do comando da C\u00e2mara, sob acusa\u00e7\u00e3o de tentar atrapalhar as investiga\u00e7\u00f5es da Lava Jato<\/p>\n<p><strong>2016, o ano da cassa\u00e7\u00e3o<\/strong><\/p>\n<p>Em fevereiro de 2016, a Procuradoria-Geral da Rep\u00fablica pediu ao Supremo Tribunal Federal (STF) a autoriza\u00e7\u00e3o para um terceiro inqu\u00e9rito sobre Cunha na Lava Jato, a partir da suspeita de que teria levado propina de R$ 52 milh\u00f5es por obras no Porto Maravilha, no Rio.<\/p>\n<p>No m\u00eas seguinte, Cunha se tornou o primeiro parlamentar r\u00e9u na Lava Jato, quando a Corte aceitou com unanimidade a den\u00fancia relativa \u00e0 propina de US$ 5 milh\u00f5es do estaleiro Samsung Heavy Industries. Em abril, a aprova\u00e7\u00e3o do impeachment na C\u00e2mara foi uma das \u00faltimas vit\u00f3rias de Cunha \u00e0 frente da Casa.\u00a0<\/p>\n<p>Poucos dias depois, por\u00e9m, a mar\u00e9 de not\u00edcias ruins voltou. Teori Zavascki autorizou a abertura de mais dois inqu\u00e9ritos sobre Cunha: um deles relacionado \u00e0 suposta press\u00e3o sobre empres\u00e1rios do Grupo Schahin para pagamento de propina; outro, sobre cobran\u00e7a de propina em troca de altera\u00e7\u00f5es em propostas legislativas em favor do banco BTG.<\/p>\n<p>A suspens\u00e3o do mandato e o afastamento da presid\u00eancia da Casa vieram em maio, com decis\u00e3o do STF por unanimidade. Para os ministros da Corte, Cunha usou o cargo para prejudicar a Lava Jato e o andamento do processo de cassa\u00e7\u00e3o no Conselho de \u00c9tica.<\/p>\n<p>Ainda em maio, o STF abriu o sexto inqu\u00e9rito contra o peemedebista por supostamente ser um dos l\u00edderes de esquema de corrup\u00e7\u00e3o em Furnas, subsidi\u00e1ria da Eletrobras.<\/p>\n<p>No m\u00eas seguinte, Rodrigo Janot, procurador-geral da Rep\u00fablica, pediu a pris\u00e3o de Cunha, alegando que nem mesmo afastado o peemedebista parou de atuar para tentar atrapalhar as investiga\u00e7\u00f5es contra ele.<\/p>\n<p>No final de junho, o Conselho de \u00c9tica aprovou, por 11 a 9, parecer que recomendava a cassa\u00e7\u00e3o do mandato de Cunha. A decis\u00e3o final ficou nas m\u00e3os do plen\u00e1rio, que decretou na madrugada desta ter\u00e7a-feira (13) a cassa\u00e7\u00e3o de Cunha.<\/p>\n<p>Fonte: Exame<\/p>\n","protected":false},"excerpt":{"rendered":"<p>Apesar dos temores de que a sess\u00e3o para decidir sobre a cassa\u00e7\u00e3o de Eduardo Cunha\u00a0(PMDB-RJ) seria esvaziada, o plen\u00e1rio estava cheio e 450 deputados votaram&#8230;<\/p>\n","protected":false},"author":1182,"featured_media":18249,"comment_status":"closed","ping_status":"closed","sticky":false,"template":"","format":"standard","meta":{"footnotes":""},"categories":[6],"tags":[],"class_list":["post-20886","post","type-post","status-publish","format-standard","has-post-thumbnail","hentry","category-noticias"],"_links":{"self":[{"href":"https:\/\/www.sincomam.org.br\/index.php\/wp-json\/wp\/v2\/posts\/20886","targetHints":{"allow":["GET"]}}],"collection":[{"href":"https:\/\/www.sincomam.org.br\/index.php\/wp-json\/wp\/v2\/posts"}],"about":[{"href":"https:\/\/www.sincomam.org.br\/index.php\/wp-json\/wp\/v2\/types\/post"}],"author":[{"embeddable":true,"href":"https:\/\/www.sincomam.org.br\/index.php\/wp-json\/wp\/v2\/users\/1182"}],"replies":[{"embeddable":true,"href":"https:\/\/www.sincomam.org.br\/index.php\/wp-json\/wp\/v2\/comments?post=20886"}],"version-history":[{"count":1,"href":"https:\/\/www.sincomam.org.br\/index.php\/wp-json\/wp\/v2\/posts\/20886\/revisions"}],"predecessor-version":[{"id":20887,"href":"https:\/\/www.sincomam.org.br\/index.php\/wp-json\/wp\/v2\/posts\/20886\/revisions\/20887"}],"wp:featuredmedia":[{"embeddable":true,"href":"https:\/\/www.sincomam.org.br\/index.php\/wp-json\/wp\/v2\/media\/18249"}],"wp:attachment":[{"href":"https:\/\/www.sincomam.org.br\/index.php\/wp-json\/wp\/v2\/media?parent=20886"}],"wp:term":[{"taxonomy":"category","embeddable":true,"href":"https:\/\/www.sincomam.org.br\/index.php\/wp-json\/wp\/v2\/categories?post=20886"},{"taxonomy":"post_tag","embeddable":true,"href":"https:\/\/www.sincomam.org.br\/index.php\/wp-json\/wp\/v2\/tags?post=20886"}],"curies":[{"name":"wp","href":"https:\/\/api.w.org\/{rel}","templated":true}]}}