{"id":20860,"date":"2016-09-09T08:55:48","date_gmt":"2016-09-09T11:55:48","guid":{"rendered":"http:\/\/www.sincomam.org.br\/?p=20860"},"modified":"2016-09-09T08:55:48","modified_gmt":"2016-09-09T11:55:48","slug":"temer-orienta-ministro-a-se-retratar-sobre-jornada-de-12h","status":"publish","type":"post","link":"https:\/\/www.sincomam.org.br\/index.php\/temer-orienta-ministro-a-se-retratar-sobre-jornada-de-12h\/","title":{"rendered":"Temer orienta ministro a se retratar sobre jornada de 12h"},"content":{"rendered":"<p>Diante da repercuss\u00e3o de suas declara\u00e7\u00f5es sobre reforma trabalhista, o ministro do Trabalho, Ronaldo Nogueira, recebeu uma liga\u00e7\u00e3o do presidente Michel Temer no in\u00edcio da noite, por volta das 19h.<\/p>\n<p>&#8220;O presidente me ligou, me orientou a reafirmar que o governo n\u00e3o vai elevar a jornada de 8 horas nem tirar direitos dos trabalhadores&#8221;, contou o ministro.\u00a0Nogueira frisou que o padr\u00e3o normal e legal continuar\u00e1 sendo o de 8 horas di\u00e1rias e 44 horas semanais, sem altera\u00e7\u00f5es para os trabalhadores.\u00a0<\/p>\n<p>O que a reforma permitir\u00e1 \u00e9 que as conven\u00e7\u00f5es coletivas de categorias tenham a op\u00e7\u00e3o de flexibilizar a forma como a jornada ser\u00e1 realizada, ou seja, como as horas ser\u00e3o distribu\u00eddas na semana (com limites de at\u00e9 12h por dia e 44h mais 4h extras por semana).<\/p>\n<p>Na pr\u00e1tica, a medida vai legitimar pr\u00e1ticas j\u00e1 adotadas, como a compensa\u00e7\u00e3o das horas do s\u00e1bado em tempo extra em dias \u00fateis e o modelo 12 horas de trabalho por 36 horas de descanso. Na forma atual, esses acertos podem at\u00e9 ser questionados na Justi\u00e7a.<\/p>\n<p>N\u00e3o se trata, portanto, de estabelecer jornada de 12 horas em todos os dias da semana, frisou Nogueira.<\/p>\n<p>Fonte: O Estado de SP<\/p>\n","protected":false},"excerpt":{"rendered":"<p>Diante da repercuss\u00e3o de suas declara\u00e7\u00f5es sobre reforma trabalhista, o ministro do Trabalho, Ronaldo Nogueira, recebeu uma liga\u00e7\u00e3o do presidente Michel Temer no in\u00edcio da&#8230;<\/p>\n","protected":false},"author":1182,"featured_media":18922,"comment_status":"closed","ping_status":"closed","sticky":false,"template":"","format":"standard","meta":{"footnotes":""},"categories":[6],"tags":[],"class_list":["post-20860","post","type-post","status-publish","format-standard","has-post-thumbnail","hentry","category-noticias"],"_links":{"self":[{"href":"https:\/\/www.sincomam.org.br\/index.php\/wp-json\/wp\/v2\/posts\/20860","targetHints":{"allow":["GET"]}}],"collection":[{"href":"https:\/\/www.sincomam.org.br\/index.php\/wp-json\/wp\/v2\/posts"}],"about":[{"href":"https:\/\/www.sincomam.org.br\/index.php\/wp-json\/wp\/v2\/types\/post"}],"author":[{"embeddable":true,"href":"https:\/\/www.sincomam.org.br\/index.php\/wp-json\/wp\/v2\/users\/1182"}],"replies":[{"embeddable":true,"href":"https:\/\/www.sincomam.org.br\/index.php\/wp-json\/wp\/v2\/comments?post=20860"}],"version-history":[{"count":1,"href":"https:\/\/www.sincomam.org.br\/index.php\/wp-json\/wp\/v2\/posts\/20860\/revisions"}],"predecessor-version":[{"id":20861,"href":"https:\/\/www.sincomam.org.br\/index.php\/wp-json\/wp\/v2\/posts\/20860\/revisions\/20861"}],"wp:featuredmedia":[{"embeddable":true,"href":"https:\/\/www.sincomam.org.br\/index.php\/wp-json\/wp\/v2\/media\/18922"}],"wp:attachment":[{"href":"https:\/\/www.sincomam.org.br\/index.php\/wp-json\/wp\/v2\/media?parent=20860"}],"wp:term":[{"taxonomy":"category","embeddable":true,"href":"https:\/\/www.sincomam.org.br\/index.php\/wp-json\/wp\/v2\/categories?post=20860"},{"taxonomy":"post_tag","embeddable":true,"href":"https:\/\/www.sincomam.org.br\/index.php\/wp-json\/wp\/v2\/tags?post=20860"}],"curies":[{"name":"wp","href":"https:\/\/api.w.org\/{rel}","templated":true}]}}