{"id":20840,"date":"2016-09-06T08:17:17","date_gmt":"2016-09-06T11:17:17","guid":{"rendered":"http:\/\/www.sincomam.org.br\/?p=20840"},"modified":"2016-09-06T08:33:39","modified_gmt":"2016-09-06T11:33:39","slug":"temer-tenta-atrair-estrangeiros-para-projetos-de-concessoes","status":"publish","type":"post","link":"https:\/\/www.sincomam.org.br\/index.php\/temer-tenta-atrair-estrangeiros-para-projetos-de-concessoes\/","title":{"rendered":"Temer tenta atrair estrangeiros para projetos de concess\u00f5es"},"content":{"rendered":"<p>O presidente Michel Temer partiu hoje de Hangzhou, na China, de volta ao Brasil, depois da participa\u00e7\u00e3o no G-20 e de v\u00e1rios encontros bilaterais com l\u00edderes do Jap\u00e3o, Espanha, It\u00e1lia e Ar\u00e1bia Saudita.<\/p>\n<p>Nesses encontros, o presidente procurou atrair o interesse deles aos bilion\u00e1rios projetos de infraestrutura no Brasil, conforme o relato da delega\u00e7\u00e3o brasileira.<\/p>\n<p>Na primeira reuni\u00e3o bilateral, com o primeiro-ministro do Jap\u00e3o, Shinzo Abe, Temer manifestou o interesse de o Brasil receber capital japon\u00eas nos projetos de infraestrutura. Tamb\u00e9m defendeu o aprofundamento da coopera\u00e7\u00e3o em ci\u00eancia, inova\u00e7\u00e3o, tecnologia.<\/p>\n<p>\u201cO Jap\u00e3o est\u00e1 pronto e esperan\u00e7oso para cooperar com o Brasil\u201d, respondeu o chefe do governo japon\u00eas, segundo relato do lado brasileiro. Abe considerou importante as reformas que o Brasil disse que far\u00e1.<\/p>\n<p>Com a Ar\u00e1bia Saudita, Temer disse que o Brasil quer exportar material de defesa, como o cargueiro KC-390, e produtos agropecu\u00e1rios, al\u00e9m de atrair investimentos sauditas para as concess\u00f5es.<\/p>\n<p>O vice-primeiro ministro da Ar\u00e1bia Saudita, Mohammad bin Saman Al Saud, respondeu que tem interesse em aumentar a rela\u00e7\u00e3o bilateral. Ficou acertado que uma miss\u00e3o t\u00e9cnica do governo brasileiro ir\u00e1 \u00e0 Ar\u00e1bia Saudita em breve para ver como ampliar neg\u00f3cios mais rapidamente.<\/p>\n<p>Tamb\u00e9m com o primeiro-ministro da Espanha, Mariano Rajoy, Temer voltou a pedir investimentos espanh\u00f3is nos projetos em portos, ferrovias e aeroportos.<\/p>\n<p>Segundo a assessoria do presidente brasileiro, Temer e Rajoy manifestaram apoio ao acordo de paz na Col\u00f4mbia.<\/p>\n<p>Na \u00faltima bilateral do dia, com o chefe de governo da It\u00e1lia, Matteo Renzi, o presidente falou mais uma vez dos planos de concess\u00e3o e privatiza\u00e7\u00e3o, reiterou interesse do Brasil na venda da aeronave militar KC-390 da Embraer para a It\u00e1lia e agradeceu o apoio italiano ao acordo de livre com\u00e9rcio entre o Mercosul e a Uni\u00e3o Europeia (UE).<\/p>\n<p>Renzi, por seu lado, prop\u00f4s a ida de uma miss\u00e3o de 300 empres\u00e1rios ao Brasil. A proposta ser\u00e1 encaminhada ao Itamaraty e ao Minist\u00e9rio da Ind\u00fastria, Com\u00e9rcio Exterior e Servi\u00e7os.<\/p>\n<p>Em seus contatos, Temer foi convidado por praticamente todos, incluindo a China, para visita oficial aos parceiros.<\/p>\n<p>Temer dever\u00e1 chegar a tempo ao Brasil para a parada de 7 de setembro, em Bras\u00edlia.<\/p>\n<p>Fonte: Valor<\/p>\n","protected":false},"excerpt":{"rendered":"<p>O presidente Michel Temer partiu hoje de Hangzhou, na China, de volta ao Brasil, depois da participa\u00e7\u00e3o no G-20 e de v\u00e1rios encontros bilaterais com&#8230;<\/p>\n","protected":false},"author":1182,"featured_media":19480,"comment_status":"closed","ping_status":"closed","sticky":false,"template":"","format":"standard","meta":{"footnotes":""},"categories":[6],"tags":[],"class_list":["post-20840","post","type-post","status-publish","format-standard","has-post-thumbnail","hentry","category-noticias"],"_links":{"self":[{"href":"https:\/\/www.sincomam.org.br\/index.php\/wp-json\/wp\/v2\/posts\/20840","targetHints":{"allow":["GET"]}}],"collection":[{"href":"https:\/\/www.sincomam.org.br\/index.php\/wp-json\/wp\/v2\/posts"}],"about":[{"href":"https:\/\/www.sincomam.org.br\/index.php\/wp-json\/wp\/v2\/types\/post"}],"author":[{"embeddable":true,"href":"https:\/\/www.sincomam.org.br\/index.php\/wp-json\/wp\/v2\/users\/1182"}],"replies":[{"embeddable":true,"href":"https:\/\/www.sincomam.org.br\/index.php\/wp-json\/wp\/v2\/comments?post=20840"}],"version-history":[{"count":1,"href":"https:\/\/www.sincomam.org.br\/index.php\/wp-json\/wp\/v2\/posts\/20840\/revisions"}],"predecessor-version":[{"id":20841,"href":"https:\/\/www.sincomam.org.br\/index.php\/wp-json\/wp\/v2\/posts\/20840\/revisions\/20841"}],"wp:featuredmedia":[{"embeddable":true,"href":"https:\/\/www.sincomam.org.br\/index.php\/wp-json\/wp\/v2\/media\/19480"}],"wp:attachment":[{"href":"https:\/\/www.sincomam.org.br\/index.php\/wp-json\/wp\/v2\/media?parent=20840"}],"wp:term":[{"taxonomy":"category","embeddable":true,"href":"https:\/\/www.sincomam.org.br\/index.php\/wp-json\/wp\/v2\/categories?post=20840"},{"taxonomy":"post_tag","embeddable":true,"href":"https:\/\/www.sincomam.org.br\/index.php\/wp-json\/wp\/v2\/tags?post=20840"}],"curies":[{"name":"wp","href":"https:\/\/api.w.org\/{rel}","templated":true}]}}