{"id":20835,"date":"2016-09-06T08:30:37","date_gmt":"2016-09-06T11:30:37","guid":{"rendered":"http:\/\/www.sincomam.org.br\/?p=20835"},"modified":"2016-09-06T08:30:37","modified_gmt":"2016-09-06T11:30:37","slug":"greve-dos-bancarios-fecha-agencias-no-pais-nesta-terca-feira","status":"publish","type":"post","link":"https:\/\/www.sincomam.org.br\/index.php\/greve-dos-bancarios-fecha-agencias-no-pais-nesta-terca-feira\/","title":{"rendered":"Greve dos banc\u00e1rios fecha ag\u00eancias no pa\u00eds nesta ter\u00e7a-feira"},"content":{"rendered":"<p><span><span>Banc\u00e1rios de todo o pa\u00eds devem entrar em greve a partir desta ter\u00e7a-feira (6) por tempo indeterminado, segundo a Confedera\u00e7\u00e3o Nacional dos Trabalhadores do Ramo Financeiro (Contraf). A paralisa\u00e7\u00e3o foi aprovada em assembleia na \u00faltima quinta-feira (1\u00ba). No in\u00edcio do dia, pelo menos nove estados e o Distrito Federal tinham ag\u00eancias fechadas.<br \/><\/span><\/span><\/p>\n<p><strong>Alagoas<\/strong><br \/>Apesar de come\u00e7ar oficialmente nesta ter\u00e7a, a greve dos banc\u00e1rios j\u00e1 gerava transtornos para os usu\u00e1rios de Macei\u00f3\u00a0desde \u00e0 tarde da v\u00e9spera, quando se formaram filas nas salas de atendimento de algumas ag\u00eancias por causa da falta de dinheiro nos caixas eletr\u00f4nicos.<\/p>\n<p><strong>Goi\u00e1s<\/strong><br \/>De acordo com o Sindicato dos Banc\u00e1rios do Estado de Goi\u00e1s, 60% das ag\u00eancias de bancos p\u00fablicos e privados em Goi\u00e2nia\u00a0e no interior estar\u00e3o com o atendimento suspenso.<\/p>\n<p>Segundo o presidente do sindicato, S\u00e9rgio Luiz da Costa, v\u00e1rios servi\u00e7os ser\u00e3o afetados pela greve. \u201cA expectativa \u00e9 que o primeiro dia de greve j\u00e1 comece com uma movimenta\u00e7\u00e3o bem forte. Estar\u00e3o suspensos os servi\u00e7os que os clientes utilizam dentro das ag\u00eancias, relacionados ao FGTS, seguro desemprego, contratos, revalida\u00e7\u00e3o de senha de cart\u00e3o, abertura de contas, vendas de produtos, entre outros\u201d, afirmou.<\/p>\n<p><strong>Esp\u00edrito Santo<\/strong><br \/>Os banc\u00e1rios do Esp\u00edrito Santo tamb\u00e9m decidiram entrar em greve. O Sindibanc\u00e1rios foi procurado, mas, por enquanto, n\u00e3o soube informar quantas ag\u00eancias aderiram \u00e0 paralisa\u00e7\u00e3o. Um levantamento ser\u00e1 feito ao longo da manh\u00e3, e a expectativa \u00e9 que o n\u00famero seja divulgado ao meio-dia.<\/p>\n<p><strong>Distrito Federal<\/strong><br \/>Por causa da paralisa\u00e7\u00e3o nacional,ag\u00eancias amanheceram com cartazes afixados\u00a0indicando a mobiliza\u00e7\u00e3o, que vai reduzir os servi\u00e7os nas ag\u00eancias. A categoria reivindica aumento de 15% (sendo que 10% s\u00e3o para cobrir perdas com infla\u00e7\u00e3o e 5% representariam aumento real).<\/p>\n<p>Pela estimativa do Sindicato dos Banc\u00e1rios de Bras\u00edlia, existem cerca de 600 unidades de atendimento em todo o DF, onde trabalham 30 mil banc\u00e1rios. At\u00e9 as 7h16, o sindicato n\u00e3o estimou quantas ag\u00eancias foram fechadas nem o n\u00famero de trabalhadores que aderiram \u00e0 paralisa\u00e7\u00e3o. O piso da categoria \u00e9 de R$ 1,9 mil.<\/p>\n<p><strong>Par\u00e1<\/strong><br \/>Em toda Regi\u00e3o Metropolitana de Bel\u00e9m<a href=\"http:\/\/g1.globo.com\/pa\/para\/noticia\/2016\/09\/bancarios-do-para-entram-em-greve-nesta-terca-por-tempo-indeterminado.html\">,<\/a>\u00a0na porta das ag\u00eancias banc\u00e1rias o aviso anunciava que n\u00e3o haveria expediente. A \u00faltima paralisa\u00e7\u00e3o dos banc\u00e1rios ocorreu em outubro de 2015 e teve dura\u00e7\u00e3o de 21 dias, com ag\u00eancias de bancos p\u00fablicos e privados fechadas em todo o Brasil.<\/p>\n<p><strong>Para\u00edba<\/strong><br \/>Os banc\u00e1rios da Para\u00edba iniciam nesta ter\u00e7a-feira (6) uma greve geral por tempo indeterminado. Com a paralisa\u00e7\u00e3o, os servi\u00e7os banc\u00e1rios oferecidos pelas ag\u00eancias passam a funcionar com apenas 30% da capacidade.<a href=\"http:\/\/g1.globo.com\/pb\/paraiba\/noticia\/2016\/09\/bancarios-iniciam-greve-nas-agencias-da-paraiba-nesta-terca-feira.html\">\u00a0<\/a>A decis\u00e3o pela greve foi feita em assembleia espec\u00edfica, realizada na noite de quinta-feira (1\u00ba), na sede do Sindicato do Banc\u00e1rios da Para\u00edba, em Jo\u00e3o Pessoa.<\/p>\n<p><strong>Paran\u00e1<\/strong><br \/>Banc\u00e1rios de Curitiba e Regi\u00e3o Metropolitana tamb\u00e9m entraram em greve<a href=\"http:\/\/g1.globo.com\/pr\/parana\/noticia\/2016\/09\/bancarios-iniciam-greve-por-tempo-indeterminado-em-curitiba-e-regiao.html\">\u00a0<\/a>por tempo indeterminado a partir desta ter\u00e7a.<\/p>\n<p><strong>Rio Grande do Norte<\/strong><br \/>Banc\u00e1rios do Rio Grande do Norte aderiram \u00e0 paralisa\u00e7\u00e3o nacional<a href=\"http:\/\/g1.globo.com\/rn\/rio-grande-do-norte\/noticia\/2016\/09\/bancarios-do-rn-aderem-paralisacao-nacional-e-entram-em-greve.html\">\u00a0<\/a>da categoria e decidiram entrar em greve nesta ter\u00e7a-feira (6).<\/p>\n<p><strong>Santa Catarina<\/strong><br \/>Funcion\u00e1rios da Grande Florian\u00f3polis\u00a0se reunir\u00e3o nesta manh\u00e3, diante do Banco do Brasil, em frente \u00e0 Pra\u00e7a XV, no centro da capital, para deliberar as a\u00e7\u00f5es do in\u00edcio da greve da categoria nos 23 munic\u00edpios da regi\u00e3o. Segundo o sindicato da regi\u00e3o, munic\u00edpios do Sul catarinense devem entrar em greve na quinta-feira (8).<\/p>\n<p><strong>S\u00e3o Paulo<\/strong><br \/>Ag\u00eancias banc\u00e1rias de Sorocaba e regi\u00e3o tamb\u00e9m aderiram \u00e0 paralisa\u00e7\u00e3o nacional. Segundo o presidente do sindicato da categoria, J\u00falio Camargo, a greve fechar 300 ag\u00eancias em 40 munic\u00edpios\u00a0da regi\u00e3o.<\/p>\n<p><strong>Reivindica\u00e7\u00f5es<\/strong><br \/>A categoria rejeitou a proposta da Fenaban (Federa\u00e7\u00e3o Nacional dos Bancos) de reajuste de 6,5%\u00a0 sobre os sal\u00e1rios, a PLR e os aux\u00edlios refei\u00e7\u00e3o, alimenta\u00e7\u00e3o, creche, e abono de R$ 3 mil. Os sindicatos alegam que a oferta ficou abaixo da infla\u00e7\u00e3o projetada em 9,57% para agosto deste ano e representa perdas de 2,8% para o bolso de cada banc\u00e1rio.<\/p>\n<p>Os banc\u00e1rios querem reposi\u00e7\u00e3o da infla\u00e7\u00e3o do per\u00edodo mais 5% de aumento real, valoriza\u00e7\u00e3o do piso salarial, no valor do sal\u00e1rio m\u00ednimo calculado pelo Dieese (R$ 3.940,24 em junho), PLR de tr\u00eas sal\u00e1rios mais R$ 8.317,90, al\u00e9m de outras reivindica\u00e7\u00f5es, como melhores condi\u00e7\u00f5es de trabalho.<\/p>\n<p>Segundo a Federa\u00e7\u00e3o Nacional dos Bancos (Fenaban, o bra\u00e7o sindical dos bancos), a proposta representa um aumento, na remunera\u00e7\u00e3o, de 15% para os empregados com sal\u00e1rio de R$ 2,7 mil, por exemplo. Para quem ganha R$ 4 mil, o aumento de remunera\u00e7\u00e3o ser\u00e1 de 12,3%; e, para sal\u00e1rios de R$ 5 mil, equivale a 11,1%. O piso salarial para a fun\u00e7\u00e3o de caixa, com o reajuste, passaria a R$ 2.842,96, por jornada de 6 horas\/dia.<\/p>\n<p>&#8220;\u00c9 importante ressaltar que as solu\u00e7\u00f5es encontradas na mesa de negocia\u00e7\u00e3o variam conforme a conjuntura econ\u00f4mica e que a proposta apresentada neste ano responde a condi\u00e7\u00f5es espec\u00edficas pela qual passa a economia brasileira&#8221;, diz a entidade.<\/p>\n<p><strong>Atendimento<\/strong><br \/>Em nota, a Federa\u00e7\u00e3o Brasileira de Bancos (Febraban) lembra que os clientes podem utilizar os caixas eletr\u00f4nicos para agendamento e pagamento de contas (desde que n\u00e3o vencidas), saques, dep\u00f3sitos, emiss\u00e3o de folhas de cheques, transfer\u00eancias e saques de benef\u00edcios sociais.<\/p>\n<p>Nos correspondentes banc\u00e1rios (postos dos Correios, casas lot\u00e9ricas e supermercados), \u00e9 poss\u00edvel tamb\u00e9m pagar contas e faturas de concession\u00e1rias de servi\u00e7os p\u00fablicos, sacar dinheiro e benef\u00edcios e fazer dep\u00f3sitos, entre outros servi\u00e7os.<\/p>\n<p><strong>Greve passada<\/strong><br \/>A \u00faltima paralisa\u00e7\u00e3o dos banc\u00e1rios ocorreu em outubro\u00a0do ano passado e teve dura\u00e7\u00e3o de 21 dias, com ag\u00eancias de bancos p\u00fablicos e privados fechadas em 24 estados e do Distrito Federal. Na ocasi\u00e3o, a Fenaban prop\u00f4s reajuste de 10%, em resposta \u00e0 reivindica\u00e7\u00e3o de 16% da categoria.<\/p>\n<p>Fonte: G1<\/p>\n","protected":false},"excerpt":{"rendered":"<p>Banc\u00e1rios de todo o pa\u00eds devem entrar em greve a partir desta ter\u00e7a-feira (6) por tempo indeterminado, segundo a Confedera\u00e7\u00e3o Nacional dos Trabalhadores do Ramo&#8230;<\/p>\n","protected":false},"author":1182,"featured_media":20836,"comment_status":"closed","ping_status":"closed","sticky":false,"template":"","format":"standard","meta":{"footnotes":""},"categories":[6],"tags":[],"class_list":["post-20835","post","type-post","status-publish","format-standard","has-post-thumbnail","hentry","category-noticias"],"_links":{"self":[{"href":"https:\/\/www.sincomam.org.br\/index.php\/wp-json\/wp\/v2\/posts\/20835","targetHints":{"allow":["GET"]}}],"collection":[{"href":"https:\/\/www.sincomam.org.br\/index.php\/wp-json\/wp\/v2\/posts"}],"about":[{"href":"https:\/\/www.sincomam.org.br\/index.php\/wp-json\/wp\/v2\/types\/post"}],"author":[{"embeddable":true,"href":"https:\/\/www.sincomam.org.br\/index.php\/wp-json\/wp\/v2\/users\/1182"}],"replies":[{"embeddable":true,"href":"https:\/\/www.sincomam.org.br\/index.php\/wp-json\/wp\/v2\/comments?post=20835"}],"version-history":[{"count":1,"href":"https:\/\/www.sincomam.org.br\/index.php\/wp-json\/wp\/v2\/posts\/20835\/revisions"}],"predecessor-version":[{"id":20837,"href":"https:\/\/www.sincomam.org.br\/index.php\/wp-json\/wp\/v2\/posts\/20835\/revisions\/20837"}],"wp:featuredmedia":[{"embeddable":true,"href":"https:\/\/www.sincomam.org.br\/index.php\/wp-json\/wp\/v2\/media\/20836"}],"wp:attachment":[{"href":"https:\/\/www.sincomam.org.br\/index.php\/wp-json\/wp\/v2\/media?parent=20835"}],"wp:term":[{"taxonomy":"category","embeddable":true,"href":"https:\/\/www.sincomam.org.br\/index.php\/wp-json\/wp\/v2\/categories?post=20835"},{"taxonomy":"post_tag","embeddable":true,"href":"https:\/\/www.sincomam.org.br\/index.php\/wp-json\/wp\/v2\/tags?post=20835"}],"curies":[{"name":"wp","href":"https:\/\/api.w.org\/{rel}","templated":true}]}}