{"id":20831,"date":"2016-09-06T08:20:20","date_gmt":"2016-09-06T11:20:20","guid":{"rendered":"http:\/\/www.sincomam.org.br\/?p=20831"},"modified":"2016-09-06T08:21:25","modified_gmt":"2016-09-06T11:21:25","slug":"projeto-sobre-fundos-de-pensao-esta-parado-na-camara","status":"publish","type":"post","link":"https:\/\/www.sincomam.org.br\/index.php\/projeto-sobre-fundos-de-pensao-esta-parado-na-camara\/","title":{"rendered":"Projeto sobre fundos de pens\u00e3o est\u00e1 parado na C\u00e2mara"},"content":{"rendered":"<p>O projeto que altera o funcionamento dos fundos de pens\u00e3o\u00a0est\u00e1 parado na C\u00e2mara\u00a0e s\u00f3 deve ser votado em outubro, depois das elei\u00e7\u00f5es.\u00a0<\/p>\n<p>A proposta de lei tem como objetivo reduzir a influ\u00eancia pol\u00edtica na escolha de diretores dos fundos e cria mecanismos para impedir que dirigentes de partidos<b>\u00a0<\/b>participem da gest\u00e3o das entidades.<\/p>\n<p>O texto foi aprovado no Senado\u00a0em abril e entrou na pauta de vota\u00e7\u00e3o da C\u00e2mara por quatro vezes em julho, antes do in\u00edcio do recesso parlamentar. Houve press\u00e3o dos trabalhadores dos fundos de pens\u00e3o das estatais e a vota\u00e7\u00e3o acabou sendo adiada sucessivamente.<\/p>\n<p>O projeto \u00e9 considerado uma das prioridades da gest\u00e3o do presidente Michel Temer. Ap\u00f3s a press\u00e3o das entidades, o governo, que queria manter o texto aprovado no Senado, teve de ceder e fazer altera\u00e7\u00f5es.\u00a0<\/p>\n<p>A principal delas foi a que retirou a obrigatoriedade para que conselhos das entidades tivessem integrantes independentes.<\/p>\n<p>O projeto atua em tr\u00eas frentes: profissionaliza\u00e7\u00e3o e despolitiza\u00e7\u00e3o dos conselhos deliberativos e fiscais e das diretorias dos fundos; defini\u00e7\u00e3o das atribui\u00e7\u00f5es dos \u00f3rg\u00e3os de fiscaliza\u00e7\u00e3o internos das entidades; e divulga\u00e7\u00e3o de informa\u00e7\u00f5es e resultados para contribuintes.<\/p>\n<p>Pelo texto atual, fica proibido que conselheiros e diretores tenham atua\u00e7\u00e3o pol\u00edtico-partid\u00e1ria quando estiverem nos cargos. Tamb\u00e9m cria uma esp\u00e9cie de &#8220;quarentena&#8221; &#8211; de 24 meses &#8211; para que dirigentes partid\u00e1rios n\u00e3o ocupem cargos nos conselhos ou em diretorias dos fundos de pens\u00e3o.\u00a0<\/p>\n<p>Fonte: jornal O Estado de S. Paulo.<\/p>\n","protected":false},"excerpt":{"rendered":"<p>O projeto que altera o funcionamento dos fundos de pens\u00e3o\u00a0est\u00e1 parado na C\u00e2mara\u00a0e s\u00f3 deve ser votado em outubro, depois das elei\u00e7\u00f5es.\u00a0 A proposta de&#8230;<\/p>\n","protected":false},"author":1182,"featured_media":18462,"comment_status":"closed","ping_status":"closed","sticky":false,"template":"","format":"standard","meta":{"footnotes":""},"categories":[6],"tags":[],"class_list":["post-20831","post","type-post","status-publish","format-standard","has-post-thumbnail","hentry","category-noticias"],"_links":{"self":[{"href":"https:\/\/www.sincomam.org.br\/index.php\/wp-json\/wp\/v2\/posts\/20831","targetHints":{"allow":["GET"]}}],"collection":[{"href":"https:\/\/www.sincomam.org.br\/index.php\/wp-json\/wp\/v2\/posts"}],"about":[{"href":"https:\/\/www.sincomam.org.br\/index.php\/wp-json\/wp\/v2\/types\/post"}],"author":[{"embeddable":true,"href":"https:\/\/www.sincomam.org.br\/index.php\/wp-json\/wp\/v2\/users\/1182"}],"replies":[{"embeddable":true,"href":"https:\/\/www.sincomam.org.br\/index.php\/wp-json\/wp\/v2\/comments?post=20831"}],"version-history":[{"count":1,"href":"https:\/\/www.sincomam.org.br\/index.php\/wp-json\/wp\/v2\/posts\/20831\/revisions"}],"predecessor-version":[{"id":20832,"href":"https:\/\/www.sincomam.org.br\/index.php\/wp-json\/wp\/v2\/posts\/20831\/revisions\/20832"}],"wp:featuredmedia":[{"embeddable":true,"href":"https:\/\/www.sincomam.org.br\/index.php\/wp-json\/wp\/v2\/media\/18462"}],"wp:attachment":[{"href":"https:\/\/www.sincomam.org.br\/index.php\/wp-json\/wp\/v2\/media?parent=20831"}],"wp:term":[{"taxonomy":"category","embeddable":true,"href":"https:\/\/www.sincomam.org.br\/index.php\/wp-json\/wp\/v2\/categories?post=20831"},{"taxonomy":"post_tag","embeddable":true,"href":"https:\/\/www.sincomam.org.br\/index.php\/wp-json\/wp\/v2\/tags?post=20831"}],"curies":[{"name":"wp","href":"https:\/\/api.w.org\/{rel}","templated":true}]}}