{"id":20827,"date":"2016-09-06T08:17:46","date_gmt":"2016-09-06T11:17:46","guid":{"rendered":"http:\/\/www.sincomam.org.br\/?p=20827"},"modified":"2016-09-06T08:17:46","modified_gmt":"2016-09-06T11:17:46","slug":"ministro-sugere-que-acao-sobre-terceirizacao-va-a-plenario","status":"publish","type":"post","link":"https:\/\/www.sincomam.org.br\/index.php\/ministro-sugere-que-acao-sobre-terceirizacao-va-a-plenario\/","title":{"rendered":"Ministro sugere que a\u00e7\u00e3o sobre terceiriza\u00e7\u00e3o v\u00e1 a plen\u00e1rio"},"content":{"rendered":"<p>O Supremo Tribunal Federal (SFT)\u00a0ser\u00e1 obrigado a se posicionar sobre a terceiriza\u00e7\u00e3o irrestrita se o Senado Federal regulamentar esse tipo de contrato apenas para algumas atividades.\u00a0<\/p>\n<p>O ministro Luiz Fux, relator de uma a\u00e7\u00e3o que questiona a constitucionalidade da terceiriza\u00e7\u00e3o\u00a0em todos os setores, recomendou, na semana passada, que a mat\u00e9ria seja inclu\u00edda na pauta do plen\u00e1rio do STF.<\/p>\n<p>A decis\u00e3o do ministro d\u00e1 mais urg\u00eancia para a vota\u00e7\u00e3o, pelo Senado, do texto que j\u00e1 foi aprovado na C\u00e2mara. Se os parlamentares aprovarem a regulamenta\u00e7\u00e3o para todas as atividades, a a\u00e7\u00e3o do STF perde automaticamente seu objeto.<\/p>\n<p>O tema \u00e9 uma das principais pautas econ\u00f4micas em tr\u00e2mite no STF porque afeta os direitos de 13 milh\u00f5es de brasileiros que s\u00e3o terceirizados. Como mostrou reportagem do jornal &#8220;O Estado de S. Paulo&#8221;, o governo decidiu patrocinar o projeto aprovado no in\u00edcio de 2015, que conta com o apoio de associa\u00e7\u00f5es patronais, mas \u00e9 rejeitado pelas centrais sindicais.\u00a0<\/p>\n<p>A equipe do presidente Michel Temer quer a regulamenta\u00e7\u00e3o da terceiriza\u00e7\u00e3o at\u00e9 o fim deste ano, juntamente com o andamento da reforma da Previd\u00eancia.<\/p>\n<p>O senador Paulo Paim (PT-RS) j\u00e1 avisou que vai apresentar um novo texto para colocar &#8220;limites&#8221; na terceiriza\u00e7\u00e3o. Ele defende que esse tipo de contrato s\u00f3 seja permitido nas chamadas atividades-meio, ou seja, as que n\u00e3o comp\u00f5em o principal objetivo operacional da empresa, mesmo posicionamento de uma jurisprud\u00eancia do Tribunal Superior do Trabalho (TST), que impede a terceiriza\u00e7\u00e3o de atividades-fim (que identificaria a \u00e1rea de atua\u00e7\u00e3o de uma empresa). Para o empresariado, por\u00e9m, esse \u00e9 um conceito bastante vago.<\/p>\n<p>&#8220;N\u00e3o h\u00e1 par\u00e2metro t\u00e9cnico ou legal para dizer que terceirizar atividade-fim significa a precariza\u00e7\u00e3o do trabalho&#8221;, disse Fl\u00e1vio Unes, do escrit\u00f3rio Silveira e Unes.\u00a0<\/p>\n<p>Ele defende a Febratel (Federa\u00e7\u00e3o Brasileira de Telecomunica\u00e7\u00f5es), que conseguiu uma liminar, dada pelo ministro Teori Zavascki.<\/p>\n<p>Na pr\u00e1tica a decis\u00e3o permite que o setor de telecomunica\u00e7\u00f5es continue contratando terceirizados em servi\u00e7os de call center. Segundo ele, o maior problema \u00e9 que a Justi\u00e7a trabalhista tem considerado ilegal esse tipo de contrata\u00e7\u00e3o. &#8220;Hoje, da maneira como est\u00e1, a decis\u00e3o fica dependendo da discricionariedade de cada juiz&#8221;, critica Williane Ibiapina, do escrit\u00f3rio Siqueira Castro.<\/p>\n<p>&#8220;O STF pode ser chamado a decidir de forma indireta ou vamos continuar a ter uma regulariza\u00e7\u00e3o de fachada, que permite a precariza\u00e7\u00e3o&#8221;, afirmou.\u00a0<\/p>\n<p>A terceiriza\u00e7\u00e3o chegou a colocar de lados opostos as duas maiores centrais sindicais do Pa\u00eds: CUT e For\u00e7a. A \u00faltima defendia o projeto aprovado na C\u00e2mara, mas agora diz que \u00e9 preciso modific\u00e1-lo para permitir a terceiriza\u00e7\u00e3o s\u00f3 na atividade-meio.<\/p>\n<p>As centrais sindicais reclamam que o projeto, da forma como est\u00e1, s\u00f3 beneficia as empresas. Alegam que isso significar\u00e1 uma &#8220;precariza\u00e7\u00e3o&#8221; nas condi\u00e7\u00f5es de trabalho, com redu\u00e7\u00e3o de sal\u00e1rio e retirada de benef\u00edcios. A maior cr\u00edtica dos sindicatos \u00e9 de que o governo Temer quer aproveitar esse momento de fragilidade na economia para passar medidas contr\u00e1rias aos direitos dos trabalhadores. Para S\u00e9rgio Nobre, secret\u00e1rio geral da Central \u00danica dos Trabalhadores (CUT), o projeto de terceiriza\u00e7\u00e3o que est\u00e1 no Senado \u00e9 uma &#8220;trag\u00e9dia&#8221;.<\/p>\n<p>&#8220;Se esse programa de governo tivesse passado pelo crivo dos eleitores, o PMDB nunca conseguiria assumir o poder. Esse governo n\u00e3o tem legitimidade para tocar reformas dessa magnitude&#8221;, afirmou.<\/p>\n<p>Fonte: Exame<\/p>\n","protected":false},"excerpt":{"rendered":"<p>O Supremo Tribunal Federal (SFT)\u00a0ser\u00e1 obrigado a se posicionar sobre a terceiriza\u00e7\u00e3o irrestrita se o Senado Federal regulamentar esse tipo de contrato apenas para algumas&#8230;<\/p>\n","protected":false},"author":1182,"featured_media":18517,"comment_status":"closed","ping_status":"closed","sticky":false,"template":"","format":"standard","meta":{"footnotes":""},"categories":[6],"tags":[],"class_list":["post-20827","post","type-post","status-publish","format-standard","has-post-thumbnail","hentry","category-noticias"],"_links":{"self":[{"href":"https:\/\/www.sincomam.org.br\/index.php\/wp-json\/wp\/v2\/posts\/20827","targetHints":{"allow":["GET"]}}],"collection":[{"href":"https:\/\/www.sincomam.org.br\/index.php\/wp-json\/wp\/v2\/posts"}],"about":[{"href":"https:\/\/www.sincomam.org.br\/index.php\/wp-json\/wp\/v2\/types\/post"}],"author":[{"embeddable":true,"href":"https:\/\/www.sincomam.org.br\/index.php\/wp-json\/wp\/v2\/users\/1182"}],"replies":[{"embeddable":true,"href":"https:\/\/www.sincomam.org.br\/index.php\/wp-json\/wp\/v2\/comments?post=20827"}],"version-history":[{"count":1,"href":"https:\/\/www.sincomam.org.br\/index.php\/wp-json\/wp\/v2\/posts\/20827\/revisions"}],"predecessor-version":[{"id":20828,"href":"https:\/\/www.sincomam.org.br\/index.php\/wp-json\/wp\/v2\/posts\/20827\/revisions\/20828"}],"wp:featuredmedia":[{"embeddable":true,"href":"https:\/\/www.sincomam.org.br\/index.php\/wp-json\/wp\/v2\/media\/18517"}],"wp:attachment":[{"href":"https:\/\/www.sincomam.org.br\/index.php\/wp-json\/wp\/v2\/media?parent=20827"}],"wp:term":[{"taxonomy":"category","embeddable":true,"href":"https:\/\/www.sincomam.org.br\/index.php\/wp-json\/wp\/v2\/categories?post=20827"},{"taxonomy":"post_tag","embeddable":true,"href":"https:\/\/www.sincomam.org.br\/index.php\/wp-json\/wp\/v2\/tags?post=20827"}],"curies":[{"name":"wp","href":"https:\/\/api.w.org\/{rel}","templated":true}]}}