{"id":20825,"date":"2016-09-06T08:15:40","date_gmt":"2016-09-06T11:15:40","guid":{"rendered":"http:\/\/www.sincomam.org.br\/?p=20825"},"modified":"2016-09-06T08:15:40","modified_gmt":"2016-09-06T11:15:40","slug":"dirigentes-de-petros-e-previ-foram-indicados-pelo-pt","status":"publish","type":"post","link":"https:\/\/www.sincomam.org.br\/index.php\/dirigentes-de-petros-e-previ-foram-indicados-pelo-pt\/","title":{"rendered":"Dirigentes de Petros e Previ foram indicados pelo PT"},"content":{"rendered":"<p>O fundo de pens\u00e3o\u00a0dos funcion\u00e1rios da Petrobras, Petros, esteve sob o comando direto de sindicalistas do PT, de 2012 a 2014, per\u00edodo em que foram tomadas decis\u00f5es de investimento consideradas de alto risco e de retorno financeiro duvidoso.<\/p>\n<p>Segundo fontes do Conselho Deliberativo, \u00f3rg\u00e3o administrativo m\u00e1ximo da funda\u00e7\u00e3o, a Petrobr\u00e1s foi pressionada nos \u00faltimos anos para que a diretoria da Petros fosse escolhida pelos empregados, em vota\u00e7\u00e3o interna. Essa seria uma tentativa de despolitizar a institui\u00e7\u00e3o.\u00a0<\/p>\n<p>A proposta chegou a ser levada ao Conselho de Administra\u00e7\u00e3o da estatal, mas nunca avan\u00e7ou por esbarrar na resist\u00eancia de l\u00edderes petistas ligados \u00e0 CUT.<\/p>\n<p>Hoje, o fundo \u00e9 comandado por Walter Mendes J\u00fanior, que, em agosto, renunciou a uma cadeira no Conselho de Administra\u00e7\u00e3o da estatal para assumir a Petros.\u00a0<\/p>\n<p>Com passagem pelo Ita\u00fa Unibanco e por fundos estrangeiros de investimento, Mendes J\u00fanior \u00e9 reconhecido pelo mercado financeiro como um executivo de perfil t\u00e9cnico. Ele foi indicado pelo atual presidente da Petrobr\u00e1s, Pedro Parente.<\/p>\n<p>J\u00e1 a\u00a0Previ\u00a0teve nos \u00faltimos anos em seu comando quatro presidentes: S\u00e9rgio Rosa, Ricardo Flores, Dan Conrado e Gueitiro Genso. Ex-sindicalista e diretamente ligado ao PT, Rosa presidiu o maior fundo de pens\u00e3o do Pa\u00eds por dois mandatos, desde o in\u00edcio do governo Lula, em 2003, at\u00e9 2010.<\/p>\n<p>Apesar de petista fiel, o executivo era considerado muito aut\u00f4nomo e t\u00e9cnico para os padr\u00f5es do Planalto \u00e0 \u00e9poca. Rosa n\u00e3o conseguiu fazer seu sucessor na Previ.\u00a0<\/p>\n<p>Depois dele passaram a comandar o fundo nomes de perfil t\u00e9cnico. O primeiro foi Ricardo Flores, que acabou saindo por decis\u00e3o de Dilma Rousseff, ap\u00f3s uma queda de bra\u00e7o com o ent\u00e3o presidente do Banco do Brasil, Aldemir Bendine.\u00a0<\/p>\n<p>Depois de Flores assumiram Dan Conrado e, no ano passado, Genso, ambos sem fortes liga\u00e7\u00f5es pol\u00edticas.\u00a0<\/p>\n<p>Fonte:\u00a0jornal O Estado de S. Paulo.<\/p>\n","protected":false},"excerpt":{"rendered":"<p>O fundo de pens\u00e3o\u00a0dos funcion\u00e1rios da Petrobras, Petros, esteve sob o comando direto de sindicalistas do PT, de 2012 a 2014, per\u00edodo em que foram&#8230;<\/p>\n","protected":false},"author":1182,"featured_media":18406,"comment_status":"closed","ping_status":"closed","sticky":false,"template":"","format":"standard","meta":{"footnotes":""},"categories":[6],"tags":[],"class_list":["post-20825","post","type-post","status-publish","format-standard","has-post-thumbnail","hentry","category-noticias"],"_links":{"self":[{"href":"https:\/\/www.sincomam.org.br\/index.php\/wp-json\/wp\/v2\/posts\/20825","targetHints":{"allow":["GET"]}}],"collection":[{"href":"https:\/\/www.sincomam.org.br\/index.php\/wp-json\/wp\/v2\/posts"}],"about":[{"href":"https:\/\/www.sincomam.org.br\/index.php\/wp-json\/wp\/v2\/types\/post"}],"author":[{"embeddable":true,"href":"https:\/\/www.sincomam.org.br\/index.php\/wp-json\/wp\/v2\/users\/1182"}],"replies":[{"embeddable":true,"href":"https:\/\/www.sincomam.org.br\/index.php\/wp-json\/wp\/v2\/comments?post=20825"}],"version-history":[{"count":1,"href":"https:\/\/www.sincomam.org.br\/index.php\/wp-json\/wp\/v2\/posts\/20825\/revisions"}],"predecessor-version":[{"id":20826,"href":"https:\/\/www.sincomam.org.br\/index.php\/wp-json\/wp\/v2\/posts\/20825\/revisions\/20826"}],"wp:featuredmedia":[{"embeddable":true,"href":"https:\/\/www.sincomam.org.br\/index.php\/wp-json\/wp\/v2\/media\/18406"}],"wp:attachment":[{"href":"https:\/\/www.sincomam.org.br\/index.php\/wp-json\/wp\/v2\/media?parent=20825"}],"wp:term":[{"taxonomy":"category","embeddable":true,"href":"https:\/\/www.sincomam.org.br\/index.php\/wp-json\/wp\/v2\/categories?post=20825"},{"taxonomy":"post_tag","embeddable":true,"href":"https:\/\/www.sincomam.org.br\/index.php\/wp-json\/wp\/v2\/tags?post=20825"}],"curies":[{"name":"wp","href":"https:\/\/api.w.org\/{rel}","templated":true}]}}