{"id":20766,"date":"2016-09-02T00:00:41","date_gmt":"2016-09-02T03:00:41","guid":{"rendered":"http:\/\/www.sincomam.org.br\/?p=20766"},"modified":"2016-09-01T21:26:47","modified_gmt":"2016-09-02T00:26:47","slug":"governo-de-sp-proibe-protestos-na-av-paulista-neste-domingo","status":"publish","type":"post","link":"https:\/\/www.sincomam.org.br\/index.php\/governo-de-sp-proibe-protestos-na-av-paulista-neste-domingo\/","title":{"rendered":"Governo de SP pro\u00edbe protestos na Av. Paulista neste domingo"},"content":{"rendered":"<p>A Secretaria de Seguran\u00e7a P\u00fablica\u00a0de S\u00e3o Paulo \u00a0(SSP) proibiu manifesta\u00e7\u00f5es populares neste domingo (4) na Avenida Paulista, um dos principais logradouros da capital paulista.<\/p>\n<p>Em nota, o governo do estado afirmou que o motivo para a proibi\u00e7\u00e3o \u00e9 a passagem da tocha paraol\u00edmpica, \u201cque integra a cerim\u00f4nia oficial dos Jogos Paraol\u00edmpicos Rio 2016\u201d.<\/p>\n<p>A SSP tamb\u00e9m diz que at\u00e9 o momento n\u00e3o recebeu nenhum comunicado de protestos\u00a0marcados nos pr\u00f3ximos dias e que ser\u00e1 evitado o fechamento das vias importantes do munic\u00edpio.\u00a0<\/p>\n<p>Nesta quarta-feira (31), manifestantes que protestavam contra o impeachment<b>\u00a0<\/b>da ex-presidente Dilma Rousseff entraram em conflito com a Pol\u00edcia Militar, que dispersou o ato com bombas e g\u00e1s lacrimog\u00eanio.<\/p>\n<p>Veja a \u00edntegra da nota emitida pela secretaria.\u00a0<\/p>\n<p><em>&#8220;Diante da ocorr\u00eancia de protestos violentos, com atos de vandalismo, ocorridos ontem, a Secretaria de Seguran\u00e7a P\u00fablica reuniu nesta quinta-feira, 1 de setembro, os comandos das Pol\u00edcias Civil e Militar e vem a p\u00fablico reafirmar que respeita o direito de manifesta\u00e7\u00e3o e est\u00e1 empenhada em garantir a seguran\u00e7a dos manifestantes.<\/em><\/p>\n<p><em>Ressalta ainda que, conforme determina a Constitui\u00e7\u00e3o, \u00e9 obrigat\u00f3ria a comunica\u00e7\u00e3o de hora, local e trajeto em que se realizar\u00e3o os atos p\u00fablicos. Para que sejam preservados os direitos das pessoas que n\u00e3o participam das manifesta\u00e7\u00f5es e garantida a ordem p\u00fablica, ser\u00e1 evitado o fechamento das vias importantes da cidade. A SSP informa ainda que at\u00e9 o momento n\u00e3o recebeu qualquer comunicado oficial de movimentos organizados dando ci\u00eancia da realiza\u00e7\u00e3o de manifesta\u00e7\u00f5es p\u00fablicas nos pr\u00f3ximos dias.<\/em><\/p>\n<p><em>Por fim, a secretaria alerta que, no domingo, n\u00e3o ser\u00e1 permitida a realiza\u00e7\u00e3o de atos na Avenida Paulista, pois toda a extens\u00e3o da avenida estar\u00e1 reservada para o evento de passagem da tocha paraol\u00edmpica, que integra a cerim\u00f4nia oficial dos Jogos Paraol\u00edmpicos Rio 2016&#8243;.<br \/><\/em><br \/>Fonte: Exame<\/p>\n","protected":false},"excerpt":{"rendered":"<p>A Secretaria de Seguran\u00e7a P\u00fablica\u00a0de S\u00e3o Paulo \u00a0(SSP) proibiu manifesta\u00e7\u00f5es populares neste domingo (4) na Avenida Paulista, um dos principais logradouros da capital paulista. Em&#8230;<\/p>\n","protected":false},"author":1182,"featured_media":20767,"comment_status":"closed","ping_status":"closed","sticky":false,"template":"","format":"standard","meta":{"footnotes":""},"categories":[6],"tags":[],"class_list":["post-20766","post","type-post","status-publish","format-standard","has-post-thumbnail","hentry","category-noticias"],"_links":{"self":[{"href":"https:\/\/www.sincomam.org.br\/index.php\/wp-json\/wp\/v2\/posts\/20766","targetHints":{"allow":["GET"]}}],"collection":[{"href":"https:\/\/www.sincomam.org.br\/index.php\/wp-json\/wp\/v2\/posts"}],"about":[{"href":"https:\/\/www.sincomam.org.br\/index.php\/wp-json\/wp\/v2\/types\/post"}],"author":[{"embeddable":true,"href":"https:\/\/www.sincomam.org.br\/index.php\/wp-json\/wp\/v2\/users\/1182"}],"replies":[{"embeddable":true,"href":"https:\/\/www.sincomam.org.br\/index.php\/wp-json\/wp\/v2\/comments?post=20766"}],"version-history":[{"count":1,"href":"https:\/\/www.sincomam.org.br\/index.php\/wp-json\/wp\/v2\/posts\/20766\/revisions"}],"predecessor-version":[{"id":20768,"href":"https:\/\/www.sincomam.org.br\/index.php\/wp-json\/wp\/v2\/posts\/20766\/revisions\/20768"}],"wp:featuredmedia":[{"embeddable":true,"href":"https:\/\/www.sincomam.org.br\/index.php\/wp-json\/wp\/v2\/media\/20767"}],"wp:attachment":[{"href":"https:\/\/www.sincomam.org.br\/index.php\/wp-json\/wp\/v2\/media?parent=20766"}],"wp:term":[{"taxonomy":"category","embeddable":true,"href":"https:\/\/www.sincomam.org.br\/index.php\/wp-json\/wp\/v2\/categories?post=20766"},{"taxonomy":"post_tag","embeddable":true,"href":"https:\/\/www.sincomam.org.br\/index.php\/wp-json\/wp\/v2\/tags?post=20766"}],"curies":[{"name":"wp","href":"https:\/\/api.w.org\/{rel}","templated":true}]}}