{"id":20762,"date":"2016-09-02T00:15:19","date_gmt":"2016-09-02T03:15:19","guid":{"rendered":"http:\/\/www.sincomam.org.br\/?p=20762"},"modified":"2016-09-01T21:17:49","modified_gmt":"2016-09-02T00:17:49","slug":"stf-ja-recebeu-seis-acoes-contra-fatiamento-de-votacao","status":"publish","type":"post","link":"https:\/\/www.sincomam.org.br\/index.php\/stf-ja-recebeu-seis-acoes-contra-fatiamento-de-votacao\/","title":{"rendered":"STF j\u00e1 recebeu seis a\u00e7\u00f5es contra fatiamento de vota\u00e7\u00e3o"},"content":{"rendered":"<p>Dois\u00a0dias ap\u00f3s a decis\u00e3o do Senado de n\u00e3o aplicar a Dilma<a href=\"http:\/\/www.exame.com.br\/topicos\/dilma-rousseff\"><strong>\u00a0<\/strong><\/a>a pena de inabilita\u00e7\u00e3o para assumir cargos p\u00fablicos por oito anos, seis mandados de seguran\u00e7a foram protocolados no Supremo Tribunal Federal (STF) com pedido para anular o fatiamento da vota\u00e7\u00e3o do impeachment<a href=\"http:\/\/www.exame.com.br\/topicos\/impeachment\"><strong>\u00a0<\/strong><\/a>que beneficiou Dilma.\u00a0<\/p>\n<p>Novos recursos ainda v\u00e3o chegar \u00e0 Corte nesta sexta-feira, 2, j\u00e1 que PSDB anunciou que ir\u00e1 recorrer. A pe\u00e7a dos tucanos deve ser endossada pelo PPS e DEM.<\/p>\n<p>As a\u00e7\u00f5es pedem para o Supremo considerar inconstitucional a segunda vota\u00e7\u00e3o, que liberou Dilma para assumir cargos p\u00fablicos.\u00a0<\/p>\n<p>Das a\u00e7\u00f5es que chegaram ao STF, uma foi proposto pelo PSL, uma pelo senador Alvaro Dias (PV-PR), duas vieram de cidad\u00e3os comuns e duas foram protocoladas pela Associa\u00e7\u00e3o M\u00e9dica Brasileira.<\/p>\n<p>Os mandados de seguran\u00e7a protocolados foram encaminhados ao gabinete da ministra Rosa Weber. N\u00e3o h\u00e1 previs\u00e3o de quando ser\u00e3o analisados.<\/p>\n<p>\u00c1lvaro Dias destacou que a decis\u00e3o abre um &#8220;precedente perigoso&#8221;.\u00a0<\/p>\n<p>&#8220;O que ocorreu foi uma afronta grave ao texto constitucional. Um exemplo negativo produzido pelo Senado Federal, em mat\u00e9ria na qual deveria ser pedag\u00f3gico. Abriu-se um precedente perigoso&#8221;, escreveu a defesa do senador ao Supremo.<\/p>\n<p>A AMB tamb\u00e9m alegou que a decis\u00e3o pode abrir portas para beneficiar parlamentares alvo de investiga\u00e7\u00e3o.\u00a0<\/p>\n<p>&#8220;N\u00e3o podemos deixar que o impeachment, que deveria dar passo \u00e0 frente no processo de passar o Brasil a limpo, seja insumo para abastecer estrat\u00e9gias de defesa e livrar quem prejudica o Pa\u00eds&#8221;, escreveu o presidente da entidade, Florentino Cardoso, em nota.<\/p>\n<p>Uma das pe\u00e7as foi encaminhada por um descendente da fam\u00edlia real brasileira, o empres\u00e1rio Luiz Philippe de Orleans e Bragan\u00e7a.\u00a0<\/p>\n<p>&#8220;A Constitui\u00e7\u00e3o Federal foi rasgada! Primeiramente o destaque foi inconstitucional, pois a CF coloca como decorr\u00eancia da cassa\u00e7\u00e3o do mandato, a perda dos direitos pol\u00edticos&#8221;, diz o texto do empres\u00e1rio.<\/p>\n<p>Al\u00e9m de ser da realeza, o empres\u00e1rio \u00e9 um dos l\u00edderes do movimento Acorda Brasil, favor\u00e1vel ao impeachment.<\/p>\n<p>Fonte: Exame<\/p>\n","protected":false},"excerpt":{"rendered":"<p>Dois\u00a0dias ap\u00f3s a decis\u00e3o do Senado de n\u00e3o aplicar a Dilma\u00a0a pena de inabilita\u00e7\u00e3o para assumir cargos p\u00fablicos por oito anos, seis mandados de seguran\u00e7a&#8230;<\/p>\n","protected":false},"author":1182,"featured_media":18462,"comment_status":"closed","ping_status":"closed","sticky":false,"template":"","format":"standard","meta":{"footnotes":""},"categories":[6],"tags":[],"class_list":["post-20762","post","type-post","status-publish","format-standard","has-post-thumbnail","hentry","category-noticias"],"_links":{"self":[{"href":"https:\/\/www.sincomam.org.br\/index.php\/wp-json\/wp\/v2\/posts\/20762","targetHints":{"allow":["GET"]}}],"collection":[{"href":"https:\/\/www.sincomam.org.br\/index.php\/wp-json\/wp\/v2\/posts"}],"about":[{"href":"https:\/\/www.sincomam.org.br\/index.php\/wp-json\/wp\/v2\/types\/post"}],"author":[{"embeddable":true,"href":"https:\/\/www.sincomam.org.br\/index.php\/wp-json\/wp\/v2\/users\/1182"}],"replies":[{"embeddable":true,"href":"https:\/\/www.sincomam.org.br\/index.php\/wp-json\/wp\/v2\/comments?post=20762"}],"version-history":[{"count":1,"href":"https:\/\/www.sincomam.org.br\/index.php\/wp-json\/wp\/v2\/posts\/20762\/revisions"}],"predecessor-version":[{"id":20763,"href":"https:\/\/www.sincomam.org.br\/index.php\/wp-json\/wp\/v2\/posts\/20762\/revisions\/20763"}],"wp:featuredmedia":[{"embeddable":true,"href":"https:\/\/www.sincomam.org.br\/index.php\/wp-json\/wp\/v2\/media\/18462"}],"wp:attachment":[{"href":"https:\/\/www.sincomam.org.br\/index.php\/wp-json\/wp\/v2\/media?parent=20762"}],"wp:term":[{"taxonomy":"category","embeddable":true,"href":"https:\/\/www.sincomam.org.br\/index.php\/wp-json\/wp\/v2\/categories?post=20762"},{"taxonomy":"post_tag","embeddable":true,"href":"https:\/\/www.sincomam.org.br\/index.php\/wp-json\/wp\/v2\/tags?post=20762"}],"curies":[{"name":"wp","href":"https:\/\/api.w.org\/{rel}","templated":true}]}}