{"id":20759,"date":"2016-09-02T00:05:39","date_gmt":"2016-09-02T03:05:39","guid":{"rendered":"http:\/\/www.sincomam.org.br\/?p=20759"},"modified":"2016-09-01T21:15:30","modified_gmt":"2016-09-02T00:15:30","slug":"balanca-comercial-tem-superavit-de-us-41-bi-em-agosto-e-renova-recorde-no-ano","status":"publish","type":"post","link":"https:\/\/www.sincomam.org.br\/index.php\/balanca-comercial-tem-superavit-de-us-41-bi-em-agosto-e-renova-recorde-no-ano\/","title":{"rendered":"Balan\u00e7a comercial tem superavit de US$ 4,1 bi em agosto e renova recorde no ano"},"content":{"rendered":"<p>A balan\u00e7a comercial brasileira teve um superavit de US$ 4,14 bilh\u00f5es em agosto, segundo dados divulgados pelo Minist\u00e9rio da Ind\u00fastria, Com\u00e9rcio Exterior e Servi\u00e7os.<\/p>\n<p>Com o resultado do m\u00eas passado, o saldo positivo de US$ 32,37 bilh\u00f5es no acumulado dos oito primeiros meses de 2016 \u00e9 recorde para o per\u00edodo, de acordo com a s\u00e9rie hist\u00f3rica, que come\u00e7a em 1989.<\/p>\n<p>Antes disso, o maior resultado registrado havia sido em 2006, quando a balan\u00e7a teve superavit de US$ 29,7 bilh\u00f5es de janeiro a agosto.<\/p>\n<p>O governo espera que a balan\u00e7a comercial encerre 2016 com um superavit de US$ 45 bilh\u00f5es a US$ 50 bilh\u00f5es. O Banco Central projeta que o saldo ficar\u00e1 positivo em US$ 50 bilh\u00f5es. Se isso se confirmar, a balan\u00e7a ter\u00e1 resultado recorde, j\u00e1 que o maior superavit mensal foi de US$ 46,5 bilh\u00f5es, em 2006.<\/p>\n<p>Em agosto, as exporta\u00e7\u00f5es somaram US$ 16,99 bilh\u00f5es, o que representa um crescimento de 0,2% ante o mesmo m\u00eas do ano passado e uma queda de 5% na compara\u00e7\u00e3o com julho de 2016. As importa\u00e7\u00f5es somaram US$ 12,85 bilh\u00f5es no m\u00eas passado, o que resultou em queda de 8,3% ante agosto de 2015 e de 0,2% na compara\u00e7\u00e3o com julho deste ano.<\/p>\n<p>De janeiro a agosto, tanto as exporta\u00e7\u00f5es quanto as importa\u00e7\u00f5es registraram queda na compara\u00e7\u00e3o com o mesmo per\u00edodo do ano passado. As vendas externas ca\u00edram 4,9% e as compras, 25,5%.<\/p>\n<p>As importa\u00e7\u00f5es t\u00eam ca\u00eddo mais que as exporta\u00e7\u00f5es. Isso porque a recess\u00e3o da economia brasileira reduz a demanda por produtos importados. Nesta quarta (31), o IBGE (Instituto Brasileiro de Geografia e Estat\u00edstica) divulgou que a economia brasileira seguiu em recess\u00e3o no segundo trimestre deste ano. O PIB (Produto Interno Bruto), medida da produ\u00e7\u00e3o e da renda do pa\u00eds, teve queda de 0,6% no segundo trimestre quando comparado aos tr\u00eas meses anteriores.<\/p>\n<p><b>RECUPERA\u00c7\u00c3O<\/b><\/p>\n<p>Em agosto, o governou identificou melhora no resultado das importa\u00e7\u00f5es, que pode ser efeito de uma recupera\u00e7\u00e3o da economia, segundo o diretor do Departamento de Estat\u00edsticas e Apoio \u00e0 Exporta\u00e7\u00e3o da Secretaria de Com\u00e9rcio Exterior do Mdic, Herlon Brand\u00e3o. &#8220;Esperamos que seja primeiro sinal de melhora da atividade econ\u00f4mica&#8221;, afirmou.<\/p>\n<p>Apesar de as importa\u00e7\u00f5es terem recuado em compara\u00e7\u00e3o a agosto de 2015, a queda de 8,3% nesse per\u00edodo foi a menor redu\u00e7\u00e3o mensal desde novembro de 2014. Em julho, a queda na compara\u00e7\u00e3o com o mesmo m\u00eas de 2015 foi de 20,3%. &#8220;Nos \u00faltimos tr\u00eas meses, houve leve melhora na importa\u00e7\u00e3o. Est\u00e1 melhor que no in\u00edcio do ano&#8221;, disse Brand\u00e3o.<\/p>\n<p>Os bens de capital (m\u00e1quinas e equipamentos), que indicam recupera\u00e7\u00e3o dos investimentos, apresentaram a maior queda entre as categorias, de 31% ante agosto de 2015. Segundo Brand\u00e3o, ainda que a economia se recupere, os efeitos na compra desses produtos devem demorar, j\u00e1 que as f\u00e1bricas est\u00e3o com equipamentos parados diante do fraco desempenho econ\u00f4mico. &#8220;Como h\u00e1 capacidade ociosa muito grande, primeiro eles v\u00e3o usar a capacidade instalada&#8221;, afirmou.<\/p>\n<p>Por outro lado, a importa\u00e7\u00e3o de bens intermedi\u00e1rios teve uma redu\u00e7\u00e3o bem pequena, de 0,5% na compara\u00e7\u00e3o mensal. &#8220;Estamos voltando a consumir um pouco mais de bens intermedi\u00e1rios&#8221;, resumiu Brand\u00e3o. Os bens intermedi\u00e1rios s\u00e3o aquele utilizados para produ\u00e7\u00e3o de outros produtos, como ferramentas para estampar, pneus, motores e insumos industriais.<\/p>\n<p>Fonte: Folha de SP<\/p>\n","protected":false},"excerpt":{"rendered":"<p>A balan\u00e7a comercial brasileira teve um superavit de US$ 4,14 bilh\u00f5es em agosto, segundo dados divulgados pelo Minist\u00e9rio da Ind\u00fastria, Com\u00e9rcio Exterior e Servi\u00e7os. Com&#8230;<\/p>\n","protected":false},"author":1182,"featured_media":18713,"comment_status":"closed","ping_status":"closed","sticky":false,"template":"","format":"standard","meta":{"footnotes":""},"categories":[6],"tags":[],"class_list":["post-20759","post","type-post","status-publish","format-standard","has-post-thumbnail","hentry","category-noticias"],"_links":{"self":[{"href":"https:\/\/www.sincomam.org.br\/index.php\/wp-json\/wp\/v2\/posts\/20759","targetHints":{"allow":["GET"]}}],"collection":[{"href":"https:\/\/www.sincomam.org.br\/index.php\/wp-json\/wp\/v2\/posts"}],"about":[{"href":"https:\/\/www.sincomam.org.br\/index.php\/wp-json\/wp\/v2\/types\/post"}],"author":[{"embeddable":true,"href":"https:\/\/www.sincomam.org.br\/index.php\/wp-json\/wp\/v2\/users\/1182"}],"replies":[{"embeddable":true,"href":"https:\/\/www.sincomam.org.br\/index.php\/wp-json\/wp\/v2\/comments?post=20759"}],"version-history":[{"count":1,"href":"https:\/\/www.sincomam.org.br\/index.php\/wp-json\/wp\/v2\/posts\/20759\/revisions"}],"predecessor-version":[{"id":20760,"href":"https:\/\/www.sincomam.org.br\/index.php\/wp-json\/wp\/v2\/posts\/20759\/revisions\/20760"}],"wp:featuredmedia":[{"embeddable":true,"href":"https:\/\/www.sincomam.org.br\/index.php\/wp-json\/wp\/v2\/media\/18713"}],"wp:attachment":[{"href":"https:\/\/www.sincomam.org.br\/index.php\/wp-json\/wp\/v2\/media?parent=20759"}],"wp:term":[{"taxonomy":"category","embeddable":true,"href":"https:\/\/www.sincomam.org.br\/index.php\/wp-json\/wp\/v2\/categories?post=20759"},{"taxonomy":"post_tag","embeddable":true,"href":"https:\/\/www.sincomam.org.br\/index.php\/wp-json\/wp\/v2\/tags?post=20759"}],"curies":[{"name":"wp","href":"https:\/\/api.w.org\/{rel}","templated":true}]}}