{"id":20751,"date":"2016-09-01T00:00:58","date_gmt":"2016-09-01T03:00:58","guid":{"rendered":"http:\/\/sincomam.org.br\/?p=20751"},"modified":"2016-08-31T22:30:22","modified_gmt":"2016-09-01T01:30:22","slug":"temer-diz-que-e-preciso-mudar-clt-para-garantir-empregos","status":"publish","type":"post","link":"https:\/\/www.sincomam.org.br\/index.php\/temer-diz-que-e-preciso-mudar-clt-para-garantir-empregos\/","title":{"rendered":"Temer diz que \u00e9 preciso mudar CLT para garantir empregos"},"content":{"rendered":"<p>Em seu primeiro pronunciamento em cadeia nacional como presidente de fato, Michel Temer (PMDB)\u00a0defendeu a reforma da Previd\u00eancia e mudan\u00e7as na legisla\u00e7\u00e3o trabalhista. \u00a0Ele afirmou que seu compromisso, no que lhe resta de tempo no poder, \u00e9 &#8220;resgatar a for\u00e7a da economia e recolocar o Brasil nos trilhos&#8221;.\u00a0<\/p>\n<p>No v\u00eddeo de cinco minutos, o presidente deixou claro que, para isso, ser\u00e1 necess\u00e1rio adotar medidas impopulares. &#8220;Temos que modernizar a legisla\u00e7\u00e3o trabalhista para garantir os atuais e gerar novos empregos&#8221;, afirmou em um dos trechos da grava\u00e7\u00e3o que foi ao ar.<\/p>\n<p>Ele defendeu tamb\u00e9m a reforma da Previd\u00eancia, um de seus principais desafios nos pr\u00f3ximos meses. &#8220;Para garantir o pagamento das aposentadorias, teremos que reformar a previd\u00eancia social. Sem reforma, em poucos anos o governo n\u00e3o ter\u00e1 como pagar aos aposentados&#8221;, disse.<\/p>\n<p>&#8220;Meu compromisso \u00e9 o de resgatar a for\u00e7a da nossa economia e recolocar o Brasil nos trilhos. Sob essa cren\u00e7a, destaco os alicerces de nosso governo: efici\u00eancia administrativa, retomada do crescimento econ\u00f4mico, gera\u00e7\u00e3o de emprego, seguran\u00e7a jur\u00eddica, amplia\u00e7\u00e3o dos programas sociais e a pacifica\u00e7\u00e3o do pa\u00eds&#8221;, disse.\u00a0<\/p>\n<div>O v\u00eddeo transmitido hoje em cadeia nacional foi gravado por Temer antes da defini\u00e7\u00e3o do impeachment<a href=\"http:\/\/www.exame.com.br\/topicos\/impeachment\"><strong>\u00a0<\/strong><\/a>da agora ex-presidente Dilma Rousseff j\u00e1 que, na noite de hoje, ele viaja para a reuni\u00e3o do G-20 na China. A ideia \u00e9 j\u00e1 sinalizar para o mercado internacional suas inten\u00e7\u00f5es para a economia.\u00a0<\/div>\n<div>\u00a0<\/div>\n<div><strong>Veja \u00edntegra do discurso:\u00a0<\/strong><\/div>\n<p>&#8220;Boa noite a todos!<\/p>\n<p>Boa noite a todos!<\/p>\n<p>Assumo a Presid\u00eancia do Brasil, ap\u00f3s decis\u00e3o democr\u00e1tica e transparente do congresso nacional. O momento \u00e9 de esperan\u00e7a e de retomada da confian\u00e7a no Brasil.<\/p>\n<p>A incerteza chegou ao fim. \u00c9 hora de unir o pa\u00eds e colocar os interesses nacionais acima dos interesses de grupos. Esta \u00e9 a nossa bandeira.<\/p>\n<p>Tenho consci\u00eancia do tamanho e do peso da responsabilidade que carrego nos ombros. E digo isso porque recebemos o pa\u00eds mergulhado em uma grave crise econ\u00f4mica: s\u00e3o quase 12 milh\u00f5es de desempregados e mais de 170 bilh\u00f5es de d\u00e9ficit nas contas p\u00fablicas.<\/p>\n<p>Meu compromisso \u00e9 o de resgatar a for\u00e7a da nossa economia e recolocar o Brasil nos trilhos. Sob essa cren\u00e7a, destaco os alicerces de nosso governo: efici\u00eancia administrativa, retomada do crescimento econ\u00f4mico, gera\u00e7\u00e3o de emprego, seguran\u00e7a jur\u00eddica, amplia\u00e7\u00e3o dos programas sociais e a pacifica\u00e7\u00e3o do pa\u00eds.<\/p>\n<p>O governo \u00e9 como a sua fam\u00edlia. Se estiver endividada, precisa diminuir despesas para pagar as d\u00edvidas. Por isso, uma de nossas primeiras provid\u00eancias foi impor limite para os gastos p\u00fablicos. Encaminhamos ao congresso uma proposta de emenda constitucional com teto para as despesas p\u00fablicas. Nosso lema \u00e9 gastar apenas o dinheiro que se arrecada.<br \/>Reduzimos o n\u00famero de minist\u00e9rios. Demos fim a milhares de cargos de confian\u00e7a. Estamos diminuindo os gastos do governo.<\/p>\n<p>Para garantir o pagamento das aposentadorias, teremos que reformar a previd\u00eancia social. Sem reforma, em poucos anos o governo n\u00e3o ter\u00e1 como pagar aos aposentados. Nosso objetivo \u00e9 garantir um sistema de aposentadorias pagas em dia, sem calotes e sem truques. Um sistema que proteja os idosos, sem punir os mais jovens.<\/p>\n<p>O caminho que temos pela frente \u00e9 desafiador. Conforta nos saber que o pior j\u00e1 passou. Indicadores da economia sinalizam o resgate da confian\u00e7a no pa\u00eds.<\/p>\n<p>Nossa miss\u00e3o \u00e9 mostrar a empres\u00e1rios e investidores de todo o mundo nossa disposi\u00e7\u00e3o para proporcionar bons neg\u00f3cios que v\u00e3o trazer empregos ao Brasil. Temos que garantir aos investidores estabilidade pol\u00edtica e seguran\u00e7a jur\u00eddica.<\/p>\n<p>Temos que modernizar a legisla\u00e7\u00e3o trabalhista, para garantir os atuais e gerar novos empregos. O estado brasileiro precisa ser \u00e1gil. Precisa apoiar o trabalhador, o empreendedor e o produtor rural. Temos de adotar medidas que melhorem a qualidade dos servi\u00e7os p\u00fablicos e agilizem sua estrutura.<\/p>\n<p>J\u00e1 ampliamos os programas sociais. Aumentamos o valor do bolsa fam\u00edlia. O &#8220;Minha Casa Minha Vida&#8221; foi revitalizado. Ainda na \u00e1rea de habita\u00e7\u00e3o, dobramos o valor do financiamento para a classe m\u00e9dia. Decidimos concluir mais de mil e quinhentas obras federais que encontramos inacabadas.<\/p>\n<p>O Brasil \u00e9 um pa\u00eds extraordin\u00e1rio. Possu\u00edmos recursos naturais em abund\u00e2ncia. Um agroneg\u00f3cio exuberante que n\u00e3o conhece crises.<\/p>\n<p>Trabalhamos muito. Somos pessoas dispostas a acordar cedo e dormir tarde em busca de nosso sonho. Temos esp\u00edrito empreendedor, dos micros empres\u00e1rios aos grandes industriais.<\/p>\n<p>Agora mesmo, demos ao mundo uma demonstra\u00e7\u00e3o de nossa capacidade de fazer bem feito. Os jogos ol\u00edmpicos resgataram nossa autoestima diante do mundo. Bilh\u00f5es de pessoas, ao redor do planeta, testemunharam e aplaudiram nossa organiza\u00e7\u00e3o e entusiasmo com o que o Brasil promoveu o maior e mais importante evento esportivo da terra.<\/p>\n<p>E teremos daqui a pouco as Paralimp\u00edadas que certamente ter\u00e3o o mesmo sucesso.<\/p>\n<p>Presente e futuro nos desafiam. N\u00e3o podemos olhar para frente com os olhos do passado. Meu \u00fanico interesse, e que encaro como quest\u00e3o de honra, \u00e9 entregar ao meu sucessor um pa\u00eds reconciliado, pacificado e em ritmo de crescimento. Um pa\u00eds que d\u00e1 orgulho aos seus cidad\u00e3os.<\/p>\n<p>Reitero meu compromisso de dialogar democraticamente com todos os setores da sociedade brasileira. Respeitarei tamb\u00e9m a independ\u00eancia entre os poderes Executivo, Legislativo e Judici\u00e1rio.<\/p>\n<p>Despe\u00e7o-me lembrando que ordem e progresso sempre caminham juntos. E com a certeza de que juntos, vamos fazer um Brasil muito melhor. Podem acreditar:<\/p>\n<p>Quando o Brasil quer, o Brasil muda.&#8221;<\/p>\n<p>Fonte: Exame<\/p>\n","protected":false},"excerpt":{"rendered":"<p>Em seu primeiro pronunciamento em cadeia nacional como presidente de fato, Michel Temer (PMDB)\u00a0defendeu a reforma da Previd\u00eancia e mudan\u00e7as na legisla\u00e7\u00e3o trabalhista. \u00a0Ele afirmou&#8230;<\/p>\n","protected":false},"author":1182,"featured_media":19480,"comment_status":"closed","ping_status":"closed","sticky":false,"template":"","format":"standard","meta":{"footnotes":""},"categories":[6],"tags":[],"class_list":["post-20751","post","type-post","status-publish","format-standard","has-post-thumbnail","hentry","category-noticias"],"_links":{"self":[{"href":"https:\/\/www.sincomam.org.br\/index.php\/wp-json\/wp\/v2\/posts\/20751","targetHints":{"allow":["GET"]}}],"collection":[{"href":"https:\/\/www.sincomam.org.br\/index.php\/wp-json\/wp\/v2\/posts"}],"about":[{"href":"https:\/\/www.sincomam.org.br\/index.php\/wp-json\/wp\/v2\/types\/post"}],"author":[{"embeddable":true,"href":"https:\/\/www.sincomam.org.br\/index.php\/wp-json\/wp\/v2\/users\/1182"}],"replies":[{"embeddable":true,"href":"https:\/\/www.sincomam.org.br\/index.php\/wp-json\/wp\/v2\/comments?post=20751"}],"version-history":[{"count":1,"href":"https:\/\/www.sincomam.org.br\/index.php\/wp-json\/wp\/v2\/posts\/20751\/revisions"}],"predecessor-version":[{"id":20752,"href":"https:\/\/www.sincomam.org.br\/index.php\/wp-json\/wp\/v2\/posts\/20751\/revisions\/20752"}],"wp:featuredmedia":[{"embeddable":true,"href":"https:\/\/www.sincomam.org.br\/index.php\/wp-json\/wp\/v2\/media\/19480"}],"wp:attachment":[{"href":"https:\/\/www.sincomam.org.br\/index.php\/wp-json\/wp\/v2\/media?parent=20751"}],"wp:term":[{"taxonomy":"category","embeddable":true,"href":"https:\/\/www.sincomam.org.br\/index.php\/wp-json\/wp\/v2\/categories?post=20751"},{"taxonomy":"post_tag","embeddable":true,"href":"https:\/\/www.sincomam.org.br\/index.php\/wp-json\/wp\/v2\/tags?post=20751"}],"curies":[{"name":"wp","href":"https:\/\/api.w.org\/{rel}","templated":true}]}}