{"id":20739,"date":"2016-09-01T00:15:42","date_gmt":"2016-09-01T03:15:42","guid":{"rendered":"http:\/\/sincomam.org.br\/?p=20739"},"modified":"2016-08-31T16:07:10","modified_gmt":"2016-08-31T19:07:10","slug":"pib-do-brasil-recua-06-e-completa-6-trimestres-seguidos-de-queda","status":"publish","type":"post","link":"https:\/\/www.sincomam.org.br\/index.php\/pib-do-brasil-recua-06-e-completa-6-trimestres-seguidos-de-queda\/","title":{"rendered":"PIB do Brasil recua 0,6% e completa 6 trimestres seguidos de queda"},"content":{"rendered":"<p><span>No segundo trimestre deste ano, a economia brasileira continuou em queda. De acordo com o Instituto Brasileiro de Geografia e Estat\u00edstica (IBGE<\/span><span><span>), o Produto Interno Bruto (PIB) brasileiro recuou 0,6% em rela\u00e7\u00e3o ao trimestre anterior. \u00c9 o sexto trimestre seguido de queda. Em valores correntes, o PIB chegou a R$ 1,5 trilh\u00e3o.<br \/><\/span><\/span><\/p>\n<p>Entre os setores cujos desempenhos entram no c\u00e1lculo do PIB, a agropecu\u00e1ria registrou a maior queda, de 2%, seguida pelos servi\u00e7os, que recuaram 0,8%. Apenas a ind\u00fastria, que vinha apresentando resultados seguidamente negativos, teve uma leve alta de 0,3%.<\/p>\n<p>\u201cA ind\u00fastria at\u00e9 melhorou um pouco [em rela\u00e7\u00e3o ao trimestre anterior] (&#8230;), mas se for olhar servi\u00e7os, continua no negativo. Ent\u00e3o, essa melhora da ind\u00fastria \u00e9 como se fosse um pouco abafada pelo resultado de servi\u00e7os. \u00c9 uma mudan\u00e7a do que vinha acontecendo nos trimestres anteriores, realmente os investimentos e a ind\u00fastria mudaram o comportamento, mas isso ainda n\u00e3o afetou tanto o PIB por causa dos servi\u00e7os que pesam 72% da economia\u201d, analisou Rebeca Palis, coordenadora de Contas Nacionais do IBGE.<\/p>\n<p>Do primeiro para o segundo trimestre, os investimentos voltaram a crescer, depois de dez quedas seguidas. A Forma\u00e7\u00e3o Bruta de Capital Fixo, como a taxa de investimentos tamb\u00e9m \u00e9 conhecida, cresceu 0,4%. De acordo com a coordenadora de Contas Nacionais, a varia\u00e7\u00e3o positiva de 0,4% dos investimentos, assim como o resultado da ind\u00fastria, &#8220;n\u00e3o podem ser considerados &#8216;crescimento&#8217;, mas podem estar relacionados &#8216;\u00e0 expectativa de melhora&#8217; da economia&#8221;.<\/p>\n<p><span>Por outro lado, o consumo das fam\u00edlias, que durante anos colaborou com o crescimento da economia, recuou pelo sexto trimestre seguido. De abril a junho, a baixa foi de 0,7%. Os gastos do governo tamb\u00e9m diminu\u00edram. A retra\u00e7\u00e3o foi de 0,5% frente ao primeiro trimestre deste ano.<\/span><\/p>\n<p>No c\u00e1lculo do PIB, tamb\u00e9m s\u00e3o considerados os n\u00fameros referentes ao setor externo. As exporta\u00e7\u00f5es, por exemplo, cresceram 0,4%, em ano de valoriza\u00e7\u00e3o do d\u00f3lar sobre o real. Em compensa\u00e7\u00e3o, as importa\u00e7\u00f5es cresceram 4,5%.<\/p>\n<p>\u201cNesse segundo trimestre, o com\u00e9rcio exterior teve contribui\u00e7\u00e3o negativa nesta base de compara\u00e7\u00e3o [contra o trimestre anterior]. \u00c9 explicado tamb\u00e9m porque, na varia\u00e7\u00e3o cambial, a gente teve aprecia\u00e7\u00e3o. No primeiro trimestre estava mais valorizado o c\u00e2mbio. E quando apreciam, as exporta\u00e7\u00f5es tendem a ficar menos competitivas e as importa\u00e7\u00f5es tendem a aumentar\u201d, afirmou Claudia Dion\u00edsio, gerente de contas trimestrais do IBGE.<\/p>\n<p><strong>Tombo em cima de 2015<\/strong><br \/>Quando os n\u00fameros do segundo trimestre s\u00e3o comparados com os do mesmo per\u00edodo de 2015, os resultados s\u00e3o bem mais negativos. Nessa base de compara\u00e7\u00e3o, o PIB caiu 3,8%.<\/p>\n<p>O recuo na agropecu\u00e1ria chegou a 3,1%, influenciada, principalmente, segundo o IBGE,\u00a0 pelo desempenho negativo da produ\u00e7\u00e3o de milho (-20,5%), arroz (-14,7%), algod\u00e3o (-11,9%), feij\u00e3o (-9,1%) e soja (-0,9%).<\/p>\n<p>J\u00e1 a ind\u00fastria, ao contr\u00e1rio da leve recupera\u00e7\u00e3o que mostrou do primeiro trimestre para o segundo, sofreu uma queda de 3%, puxada pela ind\u00fastria de transforma\u00e7\u00e3o, que produz m\u00e1quinas e equipamentos, teve uma redu\u00e7\u00e3o de 5,4%. Dentro do setor fabril, a constru\u00e7\u00e3o tamb\u00e9m caiu 2,2% e o segmento extrativo mineral recuou 4,9%.<\/p>\n<p>O setor de servi\u00e7os, nessa base de compara\u00e7\u00e3o, foi o que sofreu maior redu\u00e7\u00e3o: de 3,3%. O com\u00e9rcio sofreu contra\u00e7\u00e3o de 7,4% e os servi\u00e7os de transporte, armazenagem e correio, de 6,5%.<\/p>\n<p>O consumo das fam\u00edlias caiu 5%, sob influ\u00eancia da infla\u00e7\u00e3o, dos juros, do cr\u00e9dito mais restrito, da queda do emprego e da renda ao longo do per\u00edodo, conforme aponta o IBGE. Seguindo a mesma tend\u00eancia, os gastos do governo recuaram 2,2%.<\/p>\n<p>Os investimentos tamb\u00e9m tiveram redu\u00e7\u00e3o nessa base de compara\u00e7\u00e3o. Pelo nono trimestre seguido, a Forma\u00e7\u00e3o Bruta de Capital Fixo recuou. Desta vez, a queda foi de 8,8%.<\/p>\n<p>Na an\u00e1lise do setor externo, as exporta\u00e7\u00f5es avan\u00e7aram 4,3% e as importa\u00e7\u00f5es ca\u00edram 10,6%, &#8220;ambas influenciadas pela desvaloriza\u00e7\u00e3o cambial de 14,3% e pelo desempenho da atividade econ\u00f4mica registrados no per\u00edodo&#8221;.<\/p>\n<p><strong>Taxa de investimento<\/strong><br \/>No segundo trimestre, a taxa de investimento foi de 16,8% do PIB &#8211; o menor resultado para o segundo trimestre desde 2003, quando havia ficado 16,4%, afirmou Claudia Dion\u00edsio.<\/p>\n<p>No mesmo per\u00edodo de 2015, o \u00edndice havia ficado em 18,4%. J\u00e1 a taxa de poupan\u00e7a aumentou: de 15,1% no segundo trimestre de 2015 para 15,8% no mesmo trimestre de 2016.<\/p>\n<p>No primeiro semestre, o PIB acumula uma queda de 4,6% e, em quatro trimestres, de 4,9% &#8211; a taxa mais negativa da s\u00e9rie, iniciada em 1996.<\/p>\n<p><strong>Previs\u00f5es pessimistas<\/strong><br \/>As previs\u00f5es divulgadas j\u00e1 indicavam que o resultado seria negativo. O \u00cdndice de Atividade Econ\u00f4mica do Banco Central (IBC-Br), que tenta &#8220;antecipar&#8221; o resultado do PIB, projetou, h\u00e1 duas semanas, uma queda de 0,53% no segundo trimestre deste ano. Para 2016, os economistas do mercado financeiro preveem que o n\u00edvel de atividade neste ano feche em queda de 3,2%,segundo o boletim Focus, tamb\u00e9m do BC, mais recente. A proje\u00e7\u00e3o do Fundo Monet\u00e1rio Internacional (FMI) est\u00e1 em linha com a do mercado brasileiro. Em relat\u00f3rio divulgado julho, o fundo disse esperar que a economia brasileira &#8220;encolha&#8221; 3,3% em 2016.<\/p>\n<p>Fonte: G1<\/p>\n","protected":false},"excerpt":{"rendered":"<p>No segundo trimestre deste ano, a economia brasileira continuou em queda. De acordo com o Instituto Brasileiro de Geografia e Estat\u00edstica (IBGE), o Produto Interno&#8230;<\/p>\n","protected":false},"author":1182,"featured_media":18439,"comment_status":"closed","ping_status":"closed","sticky":false,"template":"","format":"standard","meta":{"footnotes":""},"categories":[6],"tags":[],"class_list":["post-20739","post","type-post","status-publish","format-standard","has-post-thumbnail","hentry","category-noticias"],"_links":{"self":[{"href":"https:\/\/www.sincomam.org.br\/index.php\/wp-json\/wp\/v2\/posts\/20739","targetHints":{"allow":["GET"]}}],"collection":[{"href":"https:\/\/www.sincomam.org.br\/index.php\/wp-json\/wp\/v2\/posts"}],"about":[{"href":"https:\/\/www.sincomam.org.br\/index.php\/wp-json\/wp\/v2\/types\/post"}],"author":[{"embeddable":true,"href":"https:\/\/www.sincomam.org.br\/index.php\/wp-json\/wp\/v2\/users\/1182"}],"replies":[{"embeddable":true,"href":"https:\/\/www.sincomam.org.br\/index.php\/wp-json\/wp\/v2\/comments?post=20739"}],"version-history":[{"count":1,"href":"https:\/\/www.sincomam.org.br\/index.php\/wp-json\/wp\/v2\/posts\/20739\/revisions"}],"predecessor-version":[{"id":20740,"href":"https:\/\/www.sincomam.org.br\/index.php\/wp-json\/wp\/v2\/posts\/20739\/revisions\/20740"}],"wp:featuredmedia":[{"embeddable":true,"href":"https:\/\/www.sincomam.org.br\/index.php\/wp-json\/wp\/v2\/media\/18439"}],"wp:attachment":[{"href":"https:\/\/www.sincomam.org.br\/index.php\/wp-json\/wp\/v2\/media?parent=20739"}],"wp:term":[{"taxonomy":"category","embeddable":true,"href":"https:\/\/www.sincomam.org.br\/index.php\/wp-json\/wp\/v2\/categories?post=20739"},{"taxonomy":"post_tag","embeddable":true,"href":"https:\/\/www.sincomam.org.br\/index.php\/wp-json\/wp\/v2\/tags?post=20739"}],"curies":[{"name":"wp","href":"https:\/\/api.w.org\/{rel}","templated":true}]}}