{"id":20737,"date":"2016-09-01T00:30:21","date_gmt":"2016-09-01T03:30:21","guid":{"rendered":"http:\/\/sincomam.org.br\/?p=20737"},"modified":"2016-08-31T15:57:30","modified_gmt":"2016-08-31T18:57:30","slug":"apos-impeachment-dilma-diz-que-senadores-rasgaram-constituicao","status":"publish","type":"post","link":"https:\/\/www.sincomam.org.br\/index.php\/apos-impeachment-dilma-diz-que-senadores-rasgaram-constituicao\/","title":{"rendered":"Ap\u00f3s impeachment, Dilma diz que senadores rasgaram Constitui\u00e7\u00e3o"},"content":{"rendered":"<p>Em seu primeiro pronunciamento ap\u00f3s a aprova\u00e7\u00e3o do impeachment pelo Senado, a agora ex-presidente Dilma Rousseff afirmou nesta quarta-feira (31) que os senadores que votaram pelo seu afastamento definitivo rasgaram a Constitui\u00e7\u00e3o e consumaram um golpe parlamentar.<\/p>\n<p>&#8220;Hoje, o Senado Federal tomou uma decis\u00e3o que entra para a hist\u00f3ria das grandes injusti\u00e7as. Os senadores que votaram pelo impeachment escolheram rasgar a Constitui\u00e7\u00e3o Federal, decidiram pela interrup\u00e7\u00e3o do mandato de uma presidente que n\u00e3o cometeu crime. Condenaram uma inocente e consumaram um golpe parlamentar&#8221;, disse.<\/p>\n<p>Dilma fez o pronunciamento no Pal\u00e1cio da Alvorada, em Bras\u00edlia, ao lado de um grupo de aliados, entre eles o ex-presidente Luiz In\u00e1cio Lula da Silva. Tamb\u00e9m acompanharam o discurso cerca de 30 manifestantes contr\u00e1rios ao impeachment que protestavam em frente ao Alvorada e foram autorizados a entrar.<\/p>\n<p>O plen\u00e1rio do Senado aprovou nesta quarta, por 61 votos favor\u00e1veis e 20 contr\u00e1rios, o impeachment de Dilma Rousseff<a href=\"http:\/\/g1.globo.com\/politica\/processo-de-impeachment-de-dilma\/noticia\/2016\/08\/senado-aprova-impeachment-dilma-perde-mandato-e-temer-assume.html\">.<\/a> A presidente afastada foi condenada sob a acusa\u00e7\u00e3o de ter cometido crimes de responsabilidade fiscal \u2013 as chamadas &#8220;pedaladas fiscais&#8221; no Plano Safra e os decretos que geraram gastos sem autoriza\u00e7\u00e3o do Congresso Nacional, mas n\u00e3o foi punida com a inabilita\u00e7\u00e3o para fun\u00e7\u00f5es p\u00fablicas. Com isso, ela poder\u00e1 se candidatar para cargos eletivos e tamb\u00e9m exercer outras fun\u00e7\u00f5es na administra\u00e7\u00e3o p\u00fablica.<\/p>\n<p><strong>Segundo golpe<\/strong><br \/>Dilma disse ainda que a decis\u00e3o do Senado foi o &#8220;segundo golpe de estado&#8221; que enfrentou em sua vida.<\/p>\n<p>&#8220;Apropriam-se do poder por um golpe de estado. \u00c9 o segundo golpe de estado que enfrento na vida. O primeiro, o golpe militar apoiado na trucul\u00eancia das armas da repress\u00e3o e tortura que me atingiu quando era jovem. O segundo, o golpe parlamentar desfechado hoje por meio de uma farsa jur\u00eddica, me derruba do cargo para o qual fui eleita pelo povo.&#8221;<\/p>\n<p>A petista comparou ainda a decis\u00e3o do Senado a uma &#8220;elei\u00e7\u00e3o indireta&#8221; que substituiu o resultado das elei\u00e7\u00f5es de 2014, em que ela foi reeleita. E afirmou que ir\u00e1 &#8220;recorrer em todas as inst\u00e2ncias poss\u00edveis&#8221; contra o impeachment.<\/p>\n<p>Fonte: G1<\/p>\n","protected":false},"excerpt":{"rendered":"<p>Em seu primeiro pronunciamento ap\u00f3s a aprova\u00e7\u00e3o do impeachment pelo Senado, a agora ex-presidente Dilma Rousseff afirmou nesta quarta-feira (31) que os senadores que votaram&#8230;<\/p>\n","protected":false},"author":1182,"featured_media":18128,"comment_status":"closed","ping_status":"closed","sticky":false,"template":"","format":"standard","meta":{"footnotes":""},"categories":[6],"tags":[],"class_list":["post-20737","post","type-post","status-publish","format-standard","has-post-thumbnail","hentry","category-noticias"],"_links":{"self":[{"href":"https:\/\/www.sincomam.org.br\/index.php\/wp-json\/wp\/v2\/posts\/20737","targetHints":{"allow":["GET"]}}],"collection":[{"href":"https:\/\/www.sincomam.org.br\/index.php\/wp-json\/wp\/v2\/posts"}],"about":[{"href":"https:\/\/www.sincomam.org.br\/index.php\/wp-json\/wp\/v2\/types\/post"}],"author":[{"embeddable":true,"href":"https:\/\/www.sincomam.org.br\/index.php\/wp-json\/wp\/v2\/users\/1182"}],"replies":[{"embeddable":true,"href":"https:\/\/www.sincomam.org.br\/index.php\/wp-json\/wp\/v2\/comments?post=20737"}],"version-history":[{"count":1,"href":"https:\/\/www.sincomam.org.br\/index.php\/wp-json\/wp\/v2\/posts\/20737\/revisions"}],"predecessor-version":[{"id":20738,"href":"https:\/\/www.sincomam.org.br\/index.php\/wp-json\/wp\/v2\/posts\/20737\/revisions\/20738"}],"wp:featuredmedia":[{"embeddable":true,"href":"https:\/\/www.sincomam.org.br\/index.php\/wp-json\/wp\/v2\/media\/18128"}],"wp:attachment":[{"href":"https:\/\/www.sincomam.org.br\/index.php\/wp-json\/wp\/v2\/media?parent=20737"}],"wp:term":[{"taxonomy":"category","embeddable":true,"href":"https:\/\/www.sincomam.org.br\/index.php\/wp-json\/wp\/v2\/categories?post=20737"},{"taxonomy":"post_tag","embeddable":true,"href":"https:\/\/www.sincomam.org.br\/index.php\/wp-json\/wp\/v2\/tags?post=20737"}],"curies":[{"name":"wp","href":"https:\/\/api.w.org\/{rel}","templated":true}]}}