{"id":20729,"date":"2016-08-31T00:05:56","date_gmt":"2016-08-31T03:05:56","guid":{"rendered":"http:\/\/www.sincomam.org.br\/?p=20729"},"modified":"2016-08-30T23:56:17","modified_gmt":"2016-08-31T02:56:17","slug":"cargas-eolicas-sao-alternativa-para-portos-baianos","status":"publish","type":"post","link":"https:\/\/www.sincomam.org.br\/index.php\/cargas-eolicas-sao-alternativa-para-portos-baianos\/","title":{"rendered":"Cargas e\u00f3licas s\u00e3o alternativa para portos baianos"},"content":{"rendered":"<p>A instala\u00e7\u00e3o de produtores de energia e\u00f3lica no interior da Bahia e de fabricantes de equipamentos, principalmente na Regi\u00e3o Metropolitana de Salvador, mas tamb\u00e9m em outras \u00e1reas da Bahia, vem atraindo a aten\u00e7\u00e3o de terminais portu\u00e1rios instalados no estado. S\u00f3 no ano passado, o Porto de Salvador movimentou 25 mil toneladas de equipamentos, enquanto outras 3,5 mil toneladas passaram pelo Porto de Ilh\u00e9us.<\/p>\n<p>O fil\u00e3o de mercado foi percebido pelo Terminal de Cont\u00eaineres (Tecon) do Porto de Salvador, operado pela Wilson Sons, h\u00e1 dois anos. De l\u00e1 para c\u00e1, foram movimentados 4,9 mil cont\u00eaineres com equipamentos e 37 mil toneladas de grandes partes, como hubs, torres, naceles, p\u00e1s e outras pe\u00e7as, conta a diretora comercial do Tecon, Patr\u00edcia Iglesias. \u201cN\u00f3s temos investido na atra\u00e7\u00e3o desse tipo de carga porque enxergamos que a economia baiana cresce nessa dire\u00e7\u00e3o\u201d, explica.<\/p>\n<p>\u00c9 este mesmo racioc\u00ednio que est\u00e1 movendo a Enseada Ind\u00fastria Naval a oferecer parte da \u00e1rea do estaleiro, \u00e0s margens do Rio Paragua\u00e7u, como terminal portu\u00e1rio para receber e escoar equipamentos para a produ\u00e7\u00e3o de energia e\u00f3lica, al\u00e9m de \u00e1reas para a implanta\u00e7\u00e3o de fabricantes de componentes. \u201cNossa voca\u00e7\u00e3o principal \u00e9 naval, mas temos um terminal portu\u00e1rio de grande capacidade, al\u00e9m de estruturas que permitem opera\u00e7\u00f5es da ind\u00fastria metal-mec\u00e2nica e de constru\u00e7\u00e3o, entre outras\u201d, destaca o diretor de Rela\u00e7\u00f5es Institucionais da Enseada Ind\u00fastria Naval, Humberto Rangel.<\/p>\n<p>\u201cTemos uma estrutura que permite tanto o escoamento, quanto a fabrica\u00e7\u00e3o de pe\u00e7as grandes, como p\u00e1s e torres\u201d, explica Rangel.<\/p>\n<p>Crescimento acelerado exige adapta\u00e7\u00f5es, diz Seinfra<br \/>Com 73 parques e\u00f3licos instalados e outros 159 em constru\u00e7\u00e3o, a Bahia caminha para se transformar no principal estado produtor de energia a partir dos ventos no Brasil, com uma pot\u00eancia instalada de 5,5 mil megawatts, de acordo com dados da Associa\u00e7\u00e3o Brasileira de Energia E\u00f3lica (Abee\u00f3lica). Mas o potencial do estado \u00e9 35 vezes maior, de 195 mil megawatts, de acordo com levantamento das Secretarias de Infraestrutura (Seinfra) e de Ci\u00eancia e Teconologia (Secti) da Bahia.<\/p>\n<p>Para aproveitar pelo menos parte desse potencial, a log\u00edstica \u00e9 apenas parte dos desafios pela frente, reconhece o diretor de infraestrutura da Seinfra, Celso Rodrigues. \u201cO cen\u00e1rio que temos adiante \u00e9 de crescimento. S\u00f3 para o leil\u00e3o de energia renov\u00e1vel, previsto para o fim deste ano, teremos 240 projetos, que v\u00e3o oferecer ao mercado 6 mil megawatts. \u00c9 mais do que tudo o que temos\u201d, ressalta.<\/p>\n<p>Segundo ele, o estado tem buscado adaptar estruturas vi\u00e1rias e portu\u00e1rias para atender a atividade e evitar que o transporte se torne um gargalo para o desenvolvimento da atividade. \u201cOs desafios surgem com o desenvolvimento do setor. S\u00e3o pontes, viadutos, passarelas que precisam de adapta\u00e7\u00f5es. Agora mesmo estamos trabalhando para adaptar o t\u00fanel da Via Expressa \u00e0s dimens\u00f5es dos equipamentos\u201d, diz.<\/p>\n<p>A \u201cevolu\u00e7\u00e3o\u201d dos equipamentos, segundo ele, torna o desafio de adapta\u00e7\u00e3o constante. \u201cAs p\u00e1s que antes tinham 45 metros, hoje saem com 62 metros\u201d, compara.<\/p>\n<p>Fonte: Correio<\/p>\n","protected":false},"excerpt":{"rendered":"<p>A instala\u00e7\u00e3o de produtores de energia e\u00f3lica no interior da Bahia e de fabricantes de equipamentos, principalmente na Regi\u00e3o Metropolitana de Salvador, mas tamb\u00e9m em&#8230;<\/p>\n","protected":false},"author":1182,"featured_media":20496,"comment_status":"closed","ping_status":"closed","sticky":false,"template":"","format":"standard","meta":{"footnotes":""},"categories":[6],"tags":[],"class_list":["post-20729","post","type-post","status-publish","format-standard","has-post-thumbnail","hentry","category-noticias"],"_links":{"self":[{"href":"https:\/\/www.sincomam.org.br\/index.php\/wp-json\/wp\/v2\/posts\/20729","targetHints":{"allow":["GET"]}}],"collection":[{"href":"https:\/\/www.sincomam.org.br\/index.php\/wp-json\/wp\/v2\/posts"}],"about":[{"href":"https:\/\/www.sincomam.org.br\/index.php\/wp-json\/wp\/v2\/types\/post"}],"author":[{"embeddable":true,"href":"https:\/\/www.sincomam.org.br\/index.php\/wp-json\/wp\/v2\/users\/1182"}],"replies":[{"embeddable":true,"href":"https:\/\/www.sincomam.org.br\/index.php\/wp-json\/wp\/v2\/comments?post=20729"}],"version-history":[{"count":1,"href":"https:\/\/www.sincomam.org.br\/index.php\/wp-json\/wp\/v2\/posts\/20729\/revisions"}],"predecessor-version":[{"id":20730,"href":"https:\/\/www.sincomam.org.br\/index.php\/wp-json\/wp\/v2\/posts\/20729\/revisions\/20730"}],"wp:featuredmedia":[{"embeddable":true,"href":"https:\/\/www.sincomam.org.br\/index.php\/wp-json\/wp\/v2\/media\/20496"}],"wp:attachment":[{"href":"https:\/\/www.sincomam.org.br\/index.php\/wp-json\/wp\/v2\/media?parent=20729"}],"wp:term":[{"taxonomy":"category","embeddable":true,"href":"https:\/\/www.sincomam.org.br\/index.php\/wp-json\/wp\/v2\/categories?post=20729"},{"taxonomy":"post_tag","embeddable":true,"href":"https:\/\/www.sincomam.org.br\/index.php\/wp-json\/wp\/v2\/tags?post=20729"}],"curies":[{"name":"wp","href":"https:\/\/api.w.org\/{rel}","templated":true}]}}