{"id":20725,"date":"2016-08-31T00:08:32","date_gmt":"2016-08-31T03:08:32","guid":{"rendered":"http:\/\/www.sincomam.org.br\/?p=20725"},"modified":"2016-08-30T21:28:33","modified_gmt":"2016-08-31T00:28:33","slug":"deputados-assinam-compromisso-de-ir-a-sessao-sobre-cunha","status":"publish","type":"post","link":"https:\/\/www.sincomam.org.br\/index.php\/deputados-assinam-compromisso-de-ir-a-sessao-sobre-cunha\/","title":{"rendered":"Deputados assinam compromisso de ir a sess\u00e3o sobre Cunha"},"content":{"rendered":"<p>Os l\u00edderes de nove partidos assinaram nesta ter\u00e7a-feira (30) um cartaz fixado no plen\u00e1rio da C\u00e2mara no qual se comprometem a comparecer, junto com as respectivas bancadas, \u00e0 sess\u00e3o destinada a votar o parecer que pode levar \u00e0 cassa\u00e7\u00e3o do mandato do deputado afastado e ex-presidente da Casa, Eduardo Cunha (PMDB-RJ). A vota\u00e7\u00e3o est\u00e1 marcada para o dia 12 de setembro.<\/p>\n<p>O cartaz foi fixado pelo PSOL e foi assinado, al\u00e9m deste, pelos l\u00edderes de PT, PSDB, DEM, Rede, PSB, PPS, PCdoB e PDT. Outros deputados tamb\u00e9m assinaram o compromisso p\u00fablico.<\/p>\n<p>O deputado federal Chico Alencar (PSOL-RJ) afirmou que os parlamentares da legenda est\u00e3o &#8220;preocupados&#8221; com a possibilidade de o qu\u00f3rum ser baixo na sess\u00e3o do pr\u00f3ximo dia 12.<\/p>\n<p>&#8220;H\u00e1 rumores de que pode n\u00e3o dar qu\u00f3rum, de que muitos v\u00e3o fugir, de que vai haver algum boicote. Estamos preocupados, por isso essa iniciativa de cobrar esse compromisso p\u00fablico de cada um. O objetivo \u00e9 prim\u00e1rio: fazer com que os deputados pagos pela popula\u00e7\u00e3o compare\u00e7am ao seu local de trabalho, ou seja, trabalhem&#8221;, disse o deputado.<\/p>\n<p>Alencar informou em discurso no plen\u00e1rio que o presidente da C\u00e2mara, Rodrigo Maia (DEM-RJ), fez uma estimativa de que 400 deputados estar\u00e3o presentes na sess\u00e3o, o que foi confirmado por Maia.<\/p>\n<p>Ser\u00e3o necess\u00e1rios 257 votos entre os 512 deputados em exerc\u00edcio para determinar a perda do mandato do deputado do PMDB.<\/p>\n<p>Cunha responde por quebra de decoro parlamentar sob a acusa\u00e7\u00e3o de que mentiu na CPI da Petrobras a respeito da exist\u00eancia de contas na Su\u00ed\u00e7a em seu nome. O deputado sustenta que n\u00e3o mentiu. Ele afirma ser apenas o benefici\u00e1rio de bens geridos por trustes (empresas que administram recursos de terceiros). O parecer aprovado no Conselho de \u00c9tica da Casa pede a cassa\u00e7\u00e3o do peemedebista.<\/p>\n<p>O relat\u00f3rio final das duas comiss\u00f5es foi lido em plen\u00e1rio no in\u00edcio do m\u00eas. Diante disso, a representa\u00e7\u00e3o contra Cunha est\u00e1 na pauta de vota\u00e7\u00f5es da C\u00e2mara desde 8 de agosto.<\/p>\n<p>A base de apoio ao presidente em exerc\u00edcio Michel Temer, por meio do presidente da C\u00e2mara, optou por agendar a vota\u00e7\u00e3o somente depois da conclus\u00e3o do processo de impeachment de Dilma Rousseff, no Seando. Os advers\u00e1rios de Cunha protestaram da decis\u00e3o.<\/p>\n<p>&#8220;\u00c9 uma data temer\u00e1ria, quer\u00edamos que essa quest\u00e3o j\u00e1 tivesse sido resolvida antes, insistimos com o presidente, na reuni\u00e3o col\u00e9gio de l\u00edderes, aqui no plen\u00e1rio. Mas n\u00e3o, ele [Rodrigo Maia] decidiu passar a an\u00e1lise do caso Dilma no Senado sei l\u00e1 o por qu\u00ea. H\u00e1 quem diga que temeriam uma dela\u00e7\u00e3o do Cunha que poderia bagun\u00e7ar tudo, ent\u00e3o deixaram para depois&#8221;, criticou Chico Alencar.<\/p>\n<p>O deputado disse ainda que a fun\u00e7\u00e3o prim\u00e1ria dos l\u00edderes \u00e9 cobrar a presen\u00e7a dos congressistas e que a imagem dos faltosos ser\u00e1 prejudicada com o argumento de aus\u00eancia de compromisso com a C\u00e2mara. &#8220;Quem n\u00e3o vier aqui dia 12 ter\u00e1 seu nome divulgado no Brasil inteiro, vai pro poste&#8221;, concluiu.<\/p>\n<p>O l\u00edder do PMDB na Casa, deputado Baleia Rossi (SP), informou que a decis\u00e3o de comparecer a vota\u00e7\u00e3o \u00e9 responsabilidade de cada filiado a sigla. &#8220;N\u00e3o haver\u00e1 interfer\u00eancia da lideran\u00e7a&#8221;, afirmou o l\u00edder do partido de Cunha. Baleia Rossi n\u00e3o assinou o cartaz do PSOL.<\/p>\n","protected":false},"excerpt":{"rendered":"<p>Os l\u00edderes de nove partidos assinaram nesta ter\u00e7a-feira (30) um cartaz fixado no plen\u00e1rio da C\u00e2mara no qual se comprometem a comparecer, junto com as&#8230;<\/p>\n","protected":false},"author":1182,"featured_media":18462,"comment_status":"closed","ping_status":"closed","sticky":false,"template":"","format":"standard","meta":{"footnotes":""},"categories":[6],"tags":[],"class_list":["post-20725","post","type-post","status-publish","format-standard","has-post-thumbnail","hentry","category-noticias"],"_links":{"self":[{"href":"https:\/\/www.sincomam.org.br\/index.php\/wp-json\/wp\/v2\/posts\/20725","targetHints":{"allow":["GET"]}}],"collection":[{"href":"https:\/\/www.sincomam.org.br\/index.php\/wp-json\/wp\/v2\/posts"}],"about":[{"href":"https:\/\/www.sincomam.org.br\/index.php\/wp-json\/wp\/v2\/types\/post"}],"author":[{"embeddable":true,"href":"https:\/\/www.sincomam.org.br\/index.php\/wp-json\/wp\/v2\/users\/1182"}],"replies":[{"embeddable":true,"href":"https:\/\/www.sincomam.org.br\/index.php\/wp-json\/wp\/v2\/comments?post=20725"}],"version-history":[{"count":1,"href":"https:\/\/www.sincomam.org.br\/index.php\/wp-json\/wp\/v2\/posts\/20725\/revisions"}],"predecessor-version":[{"id":20726,"href":"https:\/\/www.sincomam.org.br\/index.php\/wp-json\/wp\/v2\/posts\/20725\/revisions\/20726"}],"wp:featuredmedia":[{"embeddable":true,"href":"https:\/\/www.sincomam.org.br\/index.php\/wp-json\/wp\/v2\/media\/18462"}],"wp:attachment":[{"href":"https:\/\/www.sincomam.org.br\/index.php\/wp-json\/wp\/v2\/media?parent=20725"}],"wp:term":[{"taxonomy":"category","embeddable":true,"href":"https:\/\/www.sincomam.org.br\/index.php\/wp-json\/wp\/v2\/categories?post=20725"},{"taxonomy":"post_tag","embeddable":true,"href":"https:\/\/www.sincomam.org.br\/index.php\/wp-json\/wp\/v2\/tags?post=20725"}],"curies":[{"name":"wp","href":"https:\/\/api.w.org\/{rel}","templated":true}]}}