{"id":20721,"date":"2016-08-31T00:13:52","date_gmt":"2016-08-31T03:13:52","guid":{"rendered":"http:\/\/www.sincomam.org.br\/?p=20721"},"modified":"2016-08-30T21:23:52","modified_gmt":"2016-08-31T00:23:52","slug":"franca-pede-fim-de-negociacao-comercial-entre-ue-e-eua","status":"publish","type":"post","link":"https:\/\/www.sincomam.org.br\/index.php\/franca-pede-fim-de-negociacao-comercial-entre-ue-e-eua\/","title":{"rendered":"Fran\u00e7a pede fim de negocia\u00e7\u00e3o comercial entre UE e EUA"},"content":{"rendered":"<div data-template-placeholder=\"content-placeholder\">\n<p>O ministro do Com\u00e9rcio da Fran\u00e7a, Matthias Fekl, pediu um fim \u00e0s negocia\u00e7\u00f5es comerciais entre a Uni\u00e3o Europeia\u00a0(UE) e os EUA, um firme sinal de que a oposi\u00e7\u00e3o na Europa ainda deseja o que seria um dos mais ambiciosos acordos comerciais em d\u00e9cadas.<\/p>\n<p>Fekl disse que usaria a ocasi\u00e3o de uma reuni\u00e3o de ministros do Com\u00e9rcio no final de setembro para pedir \u00e0 Comiss\u00e3o Europeia, o bra\u00e7o executivo da UE, para acabar com as negocia\u00e7\u00f5es sobre a Parceria de Com\u00e9rcio e Investimento Transatl\u00e2ntico, geralmente conhecida como TTIP.<\/p>\n<p>&#8220;A Fran\u00e7a n\u00e3o apoia politicamente estas negocia\u00e7\u00f5es&#8221;, disse Fekl nesta ter\u00e7a-feira a uma r\u00e1dio francesa. &#8220;Os americanos n\u00e3o est\u00e3o nos dando nada&#8221;, acrescentou. &#8220;N\u00e3o \u00e9 assim que aliados devem negociar&#8221;.<\/p>\n<p>Os coment\u00e1rios de Fekl ressaltam como o ceticismo com a liberaliza\u00e7\u00e3o do com\u00e9rcio est\u00e1 crescendo em ambos os lados do Atl\u00e2ntico, alimentados por cr\u00edticos que dizem que as ofertas tendem a diminuir os sal\u00e1rios dom\u00e9sticos, amea\u00e7am a prote\u00e7\u00e3o regulamentar e minam a identidade nacional.<\/p>\n<p>Nos EUA, o presidente, Barack Obama, enfrenta uma dura batalha no Congresso para passar um outro acordo comercial importante, a Parceria Trans-Pac\u00edfico.<\/p>\n<p>Os candidatos Donald Trump e o senador Bernie Sanders refor\u00e7aram suas posi\u00e7\u00f5es durante a corrida presidencial, opondo-se fortemente aos acordos comerciais, colocando press\u00e3o sobre a candidata democrata Hillary Clinton ao adotar uma postura mais c\u00e9tica.<\/p>\n<p>Na Europa, os pol\u00edticos das maiores pot\u00eancias econ\u00f4micas do bloco, Fran\u00e7a e Alemanha, encontram-se sob o fogo para apoiar as negocia\u00e7\u00f5es com os EUA. Marine Le Pen, chefe do partido de direita Frente Nacional da Fran\u00e7a, tem repetidamente atacado o presidente franc\u00eas, Fran\u00e7ois Hollande, por concordar em lan\u00e7ar as negocia\u00e7\u00f5es, colocando press\u00e3o sobre ele para reverter o curso.<\/p>\n<p>Nesta ter\u00e7a-feira, Hollande tamb\u00e9m lan\u00e7ou d\u00favidas sobre o futuro das negocia\u00e7\u00f5es, chamando os resultados at\u00e9 agora de &#8220;desequilibrados&#8221;.<\/p>\n<p>N\u00e3o est\u00e1 claro como o resto da Europa iria reagir ao pedido da Fran\u00e7a para parar as negocia\u00e7\u00f5es. A comiss\u00e3o tem um mandato dos 28 Estados membros do bloco para prosseguir com as negocia\u00e7\u00f5es. \u00c9 necess\u00e1rio que todos os membros da UE aprovem o neg\u00f3cio para concluir as negocia\u00e7\u00f5es.<\/p>\n<p>O acordo visa eliminar quase todas as tarifas e reduzir a burocracia reguladora que atua para limitar o com\u00e9rcio, estabelecendo o que seria efetivamente uma vasta zona de livre com\u00e9rcio trans-Atl\u00e2ntico.<\/p>\n<p>Mas as negocia\u00e7\u00f5es se arrastam h\u00e1 mais tempo do que o esperado, enquanto os temores persistem na Europa de que o neg\u00f3cio exigiria a regi\u00e3o para aceitar tecnologias apoiadas pelos EUA, tal como as culturas biotecnol\u00f3gicas, que a maioria dos europeus se op\u00f5e. Fonte: Dow Jones Newswires.<\/p>\n<p>Fonte: Exame<\/p>\n<div><\/div>\n<\/div>\n","protected":false},"excerpt":{"rendered":"<p>O ministro do Com\u00e9rcio da Fran\u00e7a, Matthias Fekl, pediu um fim \u00e0s negocia\u00e7\u00f5es comerciais entre a Uni\u00e3o Europeia\u00a0(UE) e os EUA, um firme sinal de&#8230;<\/p>\n","protected":false},"author":1182,"featured_media":18439,"comment_status":"closed","ping_status":"closed","sticky":false,"template":"","format":"standard","meta":{"footnotes":""},"categories":[6],"tags":[],"class_list":["post-20721","post","type-post","status-publish","format-standard","has-post-thumbnail","hentry","category-noticias"],"_links":{"self":[{"href":"https:\/\/www.sincomam.org.br\/index.php\/wp-json\/wp\/v2\/posts\/20721","targetHints":{"allow":["GET"]}}],"collection":[{"href":"https:\/\/www.sincomam.org.br\/index.php\/wp-json\/wp\/v2\/posts"}],"about":[{"href":"https:\/\/www.sincomam.org.br\/index.php\/wp-json\/wp\/v2\/types\/post"}],"author":[{"embeddable":true,"href":"https:\/\/www.sincomam.org.br\/index.php\/wp-json\/wp\/v2\/users\/1182"}],"replies":[{"embeddable":true,"href":"https:\/\/www.sincomam.org.br\/index.php\/wp-json\/wp\/v2\/comments?post=20721"}],"version-history":[{"count":1,"href":"https:\/\/www.sincomam.org.br\/index.php\/wp-json\/wp\/v2\/posts\/20721\/revisions"}],"predecessor-version":[{"id":20722,"href":"https:\/\/www.sincomam.org.br\/index.php\/wp-json\/wp\/v2\/posts\/20721\/revisions\/20722"}],"wp:featuredmedia":[{"embeddable":true,"href":"https:\/\/www.sincomam.org.br\/index.php\/wp-json\/wp\/v2\/media\/18439"}],"wp:attachment":[{"href":"https:\/\/www.sincomam.org.br\/index.php\/wp-json\/wp\/v2\/media?parent=20721"}],"wp:term":[{"taxonomy":"category","embeddable":true,"href":"https:\/\/www.sincomam.org.br\/index.php\/wp-json\/wp\/v2\/categories?post=20721"},{"taxonomy":"post_tag","embeddable":true,"href":"https:\/\/www.sincomam.org.br\/index.php\/wp-json\/wp\/v2\/tags?post=20721"}],"curies":[{"name":"wp","href":"https:\/\/api.w.org\/{rel}","templated":true}]}}