{"id":20714,"date":"2016-08-30T00:17:55","date_gmt":"2016-08-30T03:17:55","guid":{"rendered":"http:\/\/sincomam.org.br\/?p=20714"},"modified":"2016-08-29T20:44:03","modified_gmt":"2016-08-29T23:44:03","slug":"fim-do-impeachment-pode-aproximar-expectativa-e-quadro-atual-em-servicos","status":"publish","type":"post","link":"https:\/\/www.sincomam.org.br\/index.php\/fim-do-impeachment-pode-aproximar-expectativa-e-quadro-atual-em-servicos\/","title":{"rendered":"Fim do impeachment pode aproximar expectativa e quadro atual em servi\u00e7os"},"content":{"rendered":"<p>O desfecho do processo de impeachment contra a presidente afastada Dilma Rousseff pode diminuir a dist\u00e2ncia entre as avalia\u00e7\u00f5es sobre a situa\u00e7\u00e3o atual e as expectativas para o futuro no \u00cdndice de Confian\u00e7a de Servi\u00e7os (ICS), avaliou Silvio Sales, consultor do Instituto Brasileiro de Economia da Funda\u00e7\u00e3o Getulio Vargas (Ibre\/FGV).<\/p>\n<p>O ICS avan\u00e7ou 2,8 pontos na passagem de julho para agosto, de 76,0 pontos para 78,8 pontos. O \u00cdndice de Situa\u00e7\u00e3o Atual (ISA-S) caiu 0,2 ponto, para 70,9 pontos, e o \u00cdndice de Expectativas (IE-S) avan\u00e7ou 5,7 pontos, para 87,1 pontos.<\/p>\n<p>Como resultado, a diferen\u00e7a entre os dois sub\u00edndices alcan\u00e7ou o recorde de 16,2 pontos. No entanto, se o fim da incerteza pol\u00edtica se consolidar, pode ser que os dois indicadores voltem a se aproximar, acredita o consultor.<\/p>\n<p>&#8220;A rea\u00e7\u00e3o das expectativas coincide com o come\u00e7o do processo de impeachment. \u00c9 muito prov\u00e1vel que com o desfecho do processo, seja ele qual for, o ISA-S se aproxime gradualmente das expectativas. Tem algo n\u00e3o econ\u00f4mico nesse peda\u00e7o mais recente da s\u00e9rie&#8221;, disse Sales.<\/p>\n<p>Desde a passagem de fevereiro para mar\u00e7o, o ICS acumula uma alta de 10,0 pontos. O ISA-S subiu 2,5 pontos no per\u00edodo, enquanto o IE-S aumentou 17,3 pontos. &#8220;H\u00e1 uma rea\u00e7\u00e3o em curso bastante clara. A partir de mar\u00e7o, cresce continuamente a confian\u00e7a&#8221;, ressaltou o consultor do Ibre\/FGV.<\/p>\n<p>Fonte: Isto \u00c9 Dinheiro<\/p>\n","protected":false},"excerpt":{"rendered":"<p>O desfecho do processo de impeachment contra a presidente afastada Dilma Rousseff pode diminuir a dist\u00e2ncia entre as avalia\u00e7\u00f5es sobre a situa\u00e7\u00e3o atual e as&#8230;<\/p>\n","protected":false},"author":1182,"featured_media":18128,"comment_status":"closed","ping_status":"closed","sticky":false,"template":"","format":"standard","meta":{"footnotes":""},"categories":[6],"tags":[],"class_list":["post-20714","post","type-post","status-publish","format-standard","has-post-thumbnail","hentry","category-noticias"],"_links":{"self":[{"href":"https:\/\/www.sincomam.org.br\/index.php\/wp-json\/wp\/v2\/posts\/20714","targetHints":{"allow":["GET"]}}],"collection":[{"href":"https:\/\/www.sincomam.org.br\/index.php\/wp-json\/wp\/v2\/posts"}],"about":[{"href":"https:\/\/www.sincomam.org.br\/index.php\/wp-json\/wp\/v2\/types\/post"}],"author":[{"embeddable":true,"href":"https:\/\/www.sincomam.org.br\/index.php\/wp-json\/wp\/v2\/users\/1182"}],"replies":[{"embeddable":true,"href":"https:\/\/www.sincomam.org.br\/index.php\/wp-json\/wp\/v2\/comments?post=20714"}],"version-history":[{"count":1,"href":"https:\/\/www.sincomam.org.br\/index.php\/wp-json\/wp\/v2\/posts\/20714\/revisions"}],"predecessor-version":[{"id":20715,"href":"https:\/\/www.sincomam.org.br\/index.php\/wp-json\/wp\/v2\/posts\/20714\/revisions\/20715"}],"wp:featuredmedia":[{"embeddable":true,"href":"https:\/\/www.sincomam.org.br\/index.php\/wp-json\/wp\/v2\/media\/18128"}],"wp:attachment":[{"href":"https:\/\/www.sincomam.org.br\/index.php\/wp-json\/wp\/v2\/media?parent=20714"}],"wp:term":[{"taxonomy":"category","embeddable":true,"href":"https:\/\/www.sincomam.org.br\/index.php\/wp-json\/wp\/v2\/categories?post=20714"},{"taxonomy":"post_tag","embeddable":true,"href":"https:\/\/www.sincomam.org.br\/index.php\/wp-json\/wp\/v2\/tags?post=20714"}],"curies":[{"name":"wp","href":"https:\/\/api.w.org\/{rel}","templated":true}]}}