{"id":20712,"date":"2016-08-30T00:15:02","date_gmt":"2016-08-30T03:15:02","guid":{"rendered":"http:\/\/sincomam.org.br\/?p=20712"},"modified":"2016-08-29T20:42:43","modified_gmt":"2016-08-29T23:42:43","slug":"industria-da-sinais-de-reacao-aponta-iedi","status":"publish","type":"post","link":"https:\/\/www.sincomam.org.br\/index.php\/industria-da-sinais-de-reacao-aponta-iedi\/","title":{"rendered":"Ind\u00fastria d\u00e1 sinais de rea\u00e7\u00e3o, aponta Iedi"},"content":{"rendered":"<p>A ind\u00fastria come\u00e7a a dar os primeiros sinais de rea\u00e7\u00e3o. Um estudo elaborado pelo Instituto de Estudos para o Desenvolvimento Industrial (Iedi) aponta que o pior da crise parece ter ficado para tr\u00e1s para fatia significativa do setor.<\/p>\n<p>O levantamento mostra que todos os setores continuam com retra\u00e7\u00e3o na atividade, mas o que determina o cen\u00e1rio mais positivo \u00e9 a queda mais t\u00eanue. No trimestre encerrado em junho, por exemplo, a ind\u00fastria de alta tecnologia, que inclui farmac\u00eautica e aeron\u00e1utica, caiu 5,9%. No in\u00edcio do ano, a retra\u00e7\u00e3o chegava a quase 20%.<\/p>\n<p>&#8220;O nosso desempenho tem duas explica\u00e7\u00f5es. A primeira \u00e9 que sa\u00fade \u00e9 uma necessidade que todo mundo coloca como prioridade. A segunda explica\u00e7\u00e3o \u00e9 que n\u00e3o h\u00e1 para quem transferir a necessidade de comprar um medicamento. No Brasil, 79% dos medicamentos s\u00e3o comprados pela pr\u00f3pria pessoa&#8221;, diz Ant\u00f4nio Britto, presidente da Associa\u00e7\u00e3o da Ind\u00fastria Farmac\u00eautica de Pesquisa.<\/p>\n<p>A mesma l\u00f3gica vale para o setor de m\u00e9dia alta tecnologia, que engloba ve\u00edculos e m\u00e1quinas e equipamentos. Em junho, a queda registrada foi de 7,9%. Na virada do ano, o tamanho do tombo superava 20%. &#8220;Esses setores foram afetados pela queda na confian\u00e7a de empres\u00e1rios e consumidores&#8221;, afirma Rafael Cagnin, economista do Iedi.<\/p>\n<p>Por fim, a ind\u00fastria de baixa tecnologia, conhecida por cal\u00e7ados, t\u00eaxtil e alimentos, \u00e9 a que est\u00e1 mais pr\u00f3xima do fim da recess\u00e3o. No trimestre encerrado em junho, o recuo foi de apenas 0,3%. O setor tem sido beneficiado pela melhora das exporta\u00e7\u00f5es, o que compensa o mau momento do mercado interno.<\/p>\n<p>Juntos, esses tr\u00eas grandes setores equivalem a 62,1% da ind\u00fastria brasileira. <\/p>\n<p>Fonte: O Estado de SP<\/p>\n","protected":false},"excerpt":{"rendered":"<p>A ind\u00fastria come\u00e7a a dar os primeiros sinais de rea\u00e7\u00e3o. Um estudo elaborado pelo Instituto de Estudos para o Desenvolvimento Industrial (Iedi) aponta que o&#8230;<\/p>\n","protected":false},"author":1182,"featured_media":18495,"comment_status":"closed","ping_status":"closed","sticky":false,"template":"","format":"standard","meta":{"footnotes":""},"categories":[6],"tags":[],"class_list":["post-20712","post","type-post","status-publish","format-standard","has-post-thumbnail","hentry","category-noticias"],"_links":{"self":[{"href":"https:\/\/www.sincomam.org.br\/index.php\/wp-json\/wp\/v2\/posts\/20712","targetHints":{"allow":["GET"]}}],"collection":[{"href":"https:\/\/www.sincomam.org.br\/index.php\/wp-json\/wp\/v2\/posts"}],"about":[{"href":"https:\/\/www.sincomam.org.br\/index.php\/wp-json\/wp\/v2\/types\/post"}],"author":[{"embeddable":true,"href":"https:\/\/www.sincomam.org.br\/index.php\/wp-json\/wp\/v2\/users\/1182"}],"replies":[{"embeddable":true,"href":"https:\/\/www.sincomam.org.br\/index.php\/wp-json\/wp\/v2\/comments?post=20712"}],"version-history":[{"count":1,"href":"https:\/\/www.sincomam.org.br\/index.php\/wp-json\/wp\/v2\/posts\/20712\/revisions"}],"predecessor-version":[{"id":20713,"href":"https:\/\/www.sincomam.org.br\/index.php\/wp-json\/wp\/v2\/posts\/20712\/revisions\/20713"}],"wp:featuredmedia":[{"embeddable":true,"href":"https:\/\/www.sincomam.org.br\/index.php\/wp-json\/wp\/v2\/media\/18495"}],"wp:attachment":[{"href":"https:\/\/www.sincomam.org.br\/index.php\/wp-json\/wp\/v2\/media?parent=20712"}],"wp:term":[{"taxonomy":"category","embeddable":true,"href":"https:\/\/www.sincomam.org.br\/index.php\/wp-json\/wp\/v2\/categories?post=20712"},{"taxonomy":"post_tag","embeddable":true,"href":"https:\/\/www.sincomam.org.br\/index.php\/wp-json\/wp\/v2\/tags?post=20712"}],"curies":[{"name":"wp","href":"https:\/\/api.w.org\/{rel}","templated":true}]}}