{"id":20708,"date":"2016-08-30T00:20:53","date_gmt":"2016-08-30T03:20:53","guid":{"rendered":"http:\/\/sincomam.org.br\/?p=20708"},"modified":"2016-08-29T20:37:42","modified_gmt":"2016-08-29T23:37:42","slug":"vazante-pode-paralisar-transporte-de-cargas-no-rio-madeira","status":"publish","type":"post","link":"https:\/\/www.sincomam.org.br\/index.php\/vazante-pode-paralisar-transporte-de-cargas-no-rio-madeira\/","title":{"rendered":"Vazante pode paralisar transporte de cargas no Rio Madeira"},"content":{"rendered":"<p>A vazante do rio Madeira, provocada pela estiagem severa que afeta Rond\u00f4nia e o Sul do Amazonas, prejudica cada vez mais o transporte fluvial de cargas na regi\u00e3o. Os preju\u00edzos para o agroneg\u00f3cio s\u00e3o crescentes, segundo entidades ligadas ao setor, nos dois estados.<\/p>\n<p>O vice-presidente do Sindicato das Empresas de Navega\u00e7\u00e3o Fluvial do Estado do Amazonas (Sindarma), Claudomiro Carvalho Filho diz que, at\u00e9 o momento, o preju\u00edzo causado pela situa\u00e7\u00e3o n\u00e3o comprometeu o custo do frete, mas que n\u00e3o ser\u00e1 poss\u00edvel impedir os reflexos por muito tempo.<\/p>\n<p>&#8220;Se a vazante continuar no ritmo que est\u00e1, em outubro n\u00e3o ser\u00e1 mais poss\u00edvel navegar pelo Madeira. Toda a produ\u00e7\u00e3o que utiliza o rio ser\u00e1 deslocada para os trechos entre Manaus e Bel\u00e9m, al\u00e9m de percursos mar\u00edtimos atrav\u00e9s do Porto de Santos. Isso vai representar um aumento de mais ou menos 25% no valor do frete\u201d, disse Carvalho.<\/p>\n<p>Para o presidente do Instituto de Pesquisas Agropecu\u00e1rias de Rond\u00f4nia (Faperon), H\u00e9lio Dias, a situa\u00e7\u00e3o \u00e9 preocupante atualmente, mas est\u00e1 otimista e acredita que o cen\u00e1rio de interrup\u00e7\u00e3o total do transporte de cargas pelo Madeira n\u00e3o vai se concretizar. Na opini\u00e3o dele, a vazante est\u00e1 no seu pior momento e em breve, o rio vai come\u00e7ar a subir.<\/p>\n<p>Em rela\u00e7\u00e3o aos preju\u00edzos ao agroneg\u00f3cio em Rond\u00f4nia, Claudomiro avalia que as cadeias de peixe, madeira e carne s\u00e3o as mais afetadas. Entretanto o setor de gr\u00e3os, um dos mais importantes do Estado, n\u00e3o sofrer\u00e1 do mesmo jeito, porque o per\u00edodo de pico da safra de milho e soja acontece entre janeiro e junho. Os impactos no per\u00edodo de agosto a novembro s\u00e3o inferiores a 20% de toda a produ\u00e7\u00e3o de gr\u00e3os.<\/p>\n<p>No Amazonas, que tem um produ\u00e7\u00e3o menor, a seca afeta justamente a \u00e1rea onde est\u00e1 concentrada a produ\u00e7\u00e3o agropecu\u00e1ria do Estado. De acordo com o Presidente da Federa\u00e7\u00e3o da Agricultura e Pecu\u00e1ria do Amazonas (Faea), Muni Louren\u00e7o, a navega\u00e7\u00e3o sofre restri\u00e7\u00f5es no trecho entre os munic\u00edpios de Humait\u00e1 e Apu\u00ed. Na regi\u00e3o, o baixo n\u00edvel da \u00e1gua paralisou totalmente o tr\u00e2nsito de balsas.<\/p>\n<p>Segundo Louren\u00e7o, os munic\u00edpios de Humait\u00e1, e a comunidade de Santo Ant\u00f4nio do Matup\u00ed, em Manicor\u00e9, que s\u00e3o polos produtivos de destaque no Amazonas, s\u00e3o os mais prejudicados. &#8220;N\u00f3s temos not\u00edcias de produtores que est\u00e3o na fila de caminh\u00f5es esperando a balsa de Apu\u00ed para poder comprar sementes e insumos. Al\u00e9m disso o combust\u00edvel nessa regi\u00e3o tem sido comprado em Itaituba, no Par\u00e1, \u00e0 700 quil\u00f4metros de Apu\u00ed&#8221;, revela.<\/p>\n<p>Tempo<\/p>\n<p>A estiagem severa que afeta a regi\u00e3o ainda \u00e9 consequ\u00eancia do forte El Ni\u00f1o que ocorreu entre o final de 2014 e o in\u00edcio de 2016. De acordo com o superintendente do Servi\u00e7o Geol\u00f3gico do Brasil (CPRM), Marco Ant\u00f4nio de Oliveira, o fen\u00f4meno causou diminui\u00e7\u00e3o na quantidade de chuvas na Amaz\u00f4nia no per\u00edodo que vai do final do ano de 2015 at\u00e9 o m\u00eas de maio deste ano.<\/p>\n<p>O tempo entre o fim da influ\u00eancia do fen\u00f4meno e a cheia dos rios n\u00e3o foi o bastante para garantir que o n\u00edvel subisse dentro do normal para a regi\u00e3o. Assim, com uma cheia pequena, o per\u00edodo de estiagem deixa os rios com um n\u00edvel menor que o normal. &#8220;A tend\u00eancia \u00e9 que o n\u00edvel dos rios continue abaixo [do normal] at\u00e9 o in\u00edcio do m\u00eas de outubro. Entretanto o rio Madeira acaba de entrar no pico da vazante&#8221;, disse Ant\u00f4nio.<\/p>\n<p>Fonte:Portal Amaz\u00f4nia<\/p>\n","protected":false},"excerpt":{"rendered":"<p>A vazante do rio Madeira, provocada pela estiagem severa que afeta Rond\u00f4nia e o Sul do Amazonas, prejudica cada vez mais o transporte fluvial de&#8230;<\/p>\n","protected":false},"author":1182,"featured_media":20306,"comment_status":"closed","ping_status":"closed","sticky":false,"template":"","format":"standard","meta":{"footnotes":""},"categories":[6],"tags":[],"class_list":["post-20708","post","type-post","status-publish","format-standard","has-post-thumbnail","hentry","category-noticias"],"_links":{"self":[{"href":"https:\/\/www.sincomam.org.br\/index.php\/wp-json\/wp\/v2\/posts\/20708","targetHints":{"allow":["GET"]}}],"collection":[{"href":"https:\/\/www.sincomam.org.br\/index.php\/wp-json\/wp\/v2\/posts"}],"about":[{"href":"https:\/\/www.sincomam.org.br\/index.php\/wp-json\/wp\/v2\/types\/post"}],"author":[{"embeddable":true,"href":"https:\/\/www.sincomam.org.br\/index.php\/wp-json\/wp\/v2\/users\/1182"}],"replies":[{"embeddable":true,"href":"https:\/\/www.sincomam.org.br\/index.php\/wp-json\/wp\/v2\/comments?post=20708"}],"version-history":[{"count":1,"href":"https:\/\/www.sincomam.org.br\/index.php\/wp-json\/wp\/v2\/posts\/20708\/revisions"}],"predecessor-version":[{"id":20709,"href":"https:\/\/www.sincomam.org.br\/index.php\/wp-json\/wp\/v2\/posts\/20708\/revisions\/20709"}],"wp:featuredmedia":[{"embeddable":true,"href":"https:\/\/www.sincomam.org.br\/index.php\/wp-json\/wp\/v2\/media\/20306"}],"wp:attachment":[{"href":"https:\/\/www.sincomam.org.br\/index.php\/wp-json\/wp\/v2\/media?parent=20708"}],"wp:term":[{"taxonomy":"category","embeddable":true,"href":"https:\/\/www.sincomam.org.br\/index.php\/wp-json\/wp\/v2\/categories?post=20708"},{"taxonomy":"post_tag","embeddable":true,"href":"https:\/\/www.sincomam.org.br\/index.php\/wp-json\/wp\/v2\/tags?post=20708"}],"curies":[{"name":"wp","href":"https:\/\/api.w.org\/{rel}","templated":true}]}}