{"id":20658,"date":"2016-08-25T00:20:34","date_gmt":"2016-08-25T03:20:34","guid":{"rendered":"http:\/\/www.sincomam.org.br\/?p=20658"},"modified":"2016-08-24T23:02:58","modified_gmt":"2016-08-25T02:02:58","slug":"camara-de-santos-realiza-mocao-em-defesa-aos-trabalhadores-portuarios","status":"publish","type":"post","link":"https:\/\/www.sincomam.org.br\/index.php\/camara-de-santos-realiza-mocao-em-defesa-aos-trabalhadores-portuarios\/","title":{"rendered":"C\u00e2mara de Santos realiza mo\u00e7\u00e3o em defesa aos trabalhadores portu\u00e1rios"},"content":{"rendered":"<p>A Comiss\u00e3o Permanente de Assuntos Portu\u00e1rios e Mar\u00edtimos da Casa, presidida pelo vereador Zequinha Teixeira (PSD) realizou uma mo\u00e7\u00e3o p\u00fablica pela retomada das negocia\u00e7\u00f5es e manuten\u00e7\u00e3o do emprego dos trabalhadores portu\u00e1rios do Porto de Santos. A mo\u00e7\u00e3o foi enviada \u00e0 Diretoria do Sindicato dos Operadores Portu\u00e1rios do Estado de S\u00e3o Paulo (SOPESP).<\/p>\n<p>O Legislativo santista defende que o sindicato patronal mantenha negocia\u00e7\u00f5es com a o Sindicato dos Estivadores (Sindestiva), visando rever a possibilidade da utiliza\u00e7\u00e3o da m\u00e3o-de-obra na porpor\u00e7\u00e3o de 50% de avulsos e 50% de vinculados.<\/p>\n<p>Segundo o presidente do Sindestiva, Rodnei Oliveira, o Nei da Estiva, as negocia\u00e7\u00f5es foram trancadas pelos \u00adterminais.<\/p>\n<p>\u201cNossa luta \u00e9 pelo mercado de trabalho. Eles querem acabar com o trabalho avulso. Trabalhador avulso que n\u00e3o d\u00e1 preju\u00edzo nenhum, que s\u00f3 ganha quando trabalha. Eles querem acabar com estes postos de trabalho dos avulsos e s\u00f3 ter trabalhadores com \u00adv\u00ednculo empregat\u00edcio. S\u00f3 que numa categoria em que temos mais de 3 mil trabalhadores, eles s\u00f3 querem empregar 300, cerca de 10% dela. E deixar mais de 2 mil trabalhadores desempregados\u201d, explicou Nei.<\/p>\n<p>A mo\u00e7\u00e3o foi assinada por todos os 21 vereadores da C\u00e2mara. Vice-presidente da Comiss\u00e3o de Assuntos Portu\u00e1rios, Sandoval Soares (PSDB) prop\u00f4s que a comiss\u00e3o v\u00e1 ao SOPESP e aos terminais para buscar di\u00e1logo.<\/p>\n<p>O Sindestiva deve realizar uma manifesta\u00e7\u00e3o a favor dos trabalhadores na pr\u00f3xima semana, em frente ao terminal da Brasil Terminal Portu\u00e1rio.<\/p>\n<p>Fonte: Portos e Navios<\/p>\n","protected":false},"excerpt":{"rendered":"<p>A Comiss\u00e3o Permanente de Assuntos Portu\u00e1rios e Mar\u00edtimos da Casa, presidida pelo vereador Zequinha Teixeira (PSD) realizou uma mo\u00e7\u00e3o p\u00fablica pela retomada das negocia\u00e7\u00f5es e&#8230;<\/p>\n","protected":false},"author":1182,"featured_media":18514,"comment_status":"closed","ping_status":"closed","sticky":false,"template":"","format":"standard","meta":{"footnotes":""},"categories":[6],"tags":[],"class_list":["post-20658","post","type-post","status-publish","format-standard","has-post-thumbnail","hentry","category-noticias"],"_links":{"self":[{"href":"https:\/\/www.sincomam.org.br\/index.php\/wp-json\/wp\/v2\/posts\/20658","targetHints":{"allow":["GET"]}}],"collection":[{"href":"https:\/\/www.sincomam.org.br\/index.php\/wp-json\/wp\/v2\/posts"}],"about":[{"href":"https:\/\/www.sincomam.org.br\/index.php\/wp-json\/wp\/v2\/types\/post"}],"author":[{"embeddable":true,"href":"https:\/\/www.sincomam.org.br\/index.php\/wp-json\/wp\/v2\/users\/1182"}],"replies":[{"embeddable":true,"href":"https:\/\/www.sincomam.org.br\/index.php\/wp-json\/wp\/v2\/comments?post=20658"}],"version-history":[{"count":1,"href":"https:\/\/www.sincomam.org.br\/index.php\/wp-json\/wp\/v2\/posts\/20658\/revisions"}],"predecessor-version":[{"id":20659,"href":"https:\/\/www.sincomam.org.br\/index.php\/wp-json\/wp\/v2\/posts\/20658\/revisions\/20659"}],"wp:featuredmedia":[{"embeddable":true,"href":"https:\/\/www.sincomam.org.br\/index.php\/wp-json\/wp\/v2\/media\/18514"}],"wp:attachment":[{"href":"https:\/\/www.sincomam.org.br\/index.php\/wp-json\/wp\/v2\/media?parent=20658"}],"wp:term":[{"taxonomy":"category","embeddable":true,"href":"https:\/\/www.sincomam.org.br\/index.php\/wp-json\/wp\/v2\/categories?post=20658"},{"taxonomy":"post_tag","embeddable":true,"href":"https:\/\/www.sincomam.org.br\/index.php\/wp-json\/wp\/v2\/tags?post=20658"}],"curies":[{"name":"wp","href":"https:\/\/api.w.org\/{rel}","templated":true}]}}