{"id":20576,"date":"2016-08-23T00:30:28","date_gmt":"2016-08-23T03:30:28","guid":{"rendered":"http:\/\/www.sincomam.org.br\/?p=20576"},"modified":"2016-08-22T21:54:31","modified_gmt":"2016-08-23T00:54:31","slug":"meirelles-vai-a-camara-na-4a-para-debater-limite-de-gastos","status":"publish","type":"post","link":"https:\/\/www.sincomam.org.br\/index.php\/meirelles-vai-a-camara-na-4a-para-debater-limite-de-gastos\/","title":{"rendered":"Meirelles vai \u00e0 C\u00e2mara na 4\u00aa para debater limite de gastos"},"content":{"rendered":"<p>O ministro da Fazenda, Henrique Meirelles, participa na quarta-feira (24), \u00e0s 9h30m, da primeira audi\u00eancia p\u00fablica da comiss\u00e3o especial da C\u00e2mara\u00a0que analisa a proposta de emenda \u00e0 Constitui\u00e7\u00e3o (PEC 241\/16) que limita por 20 anos os gastos p\u00fablicos federais.\u00a0<\/p>\n<p>Hoje (22), a comiss\u00e3o aprovou requerimentos para convidar cinco ministros para os debates sobre a PEC. O \u00fanico que j\u00e1 tem data marcada para comparecer \u00e0 comiss\u00e3o \u00e9 Meirelles.<\/p>\n<p>De acordo com o presidente da comiss\u00e3o, deputado Danilo Forte (PSB-CE), o ministro Henrique Meirelles j\u00e1 se colocou \u00e0 disposi\u00e7\u00e3o e vai atender ao convite da comiss\u00e3o.\u00a0<\/p>\n<p>\u201cEssa comiss\u00e3o vai receber o ministro da Fazenda, que \u00e9 um homem de di\u00e1logo, na pr\u00f3xima quarta-feira\u201d, disse fortes.<\/p>\n<p>Al\u00e9m de Meirelles, dever\u00e3o comparecer \u00e0 comiss\u00e3o os ministros Ricardo Barros (Sa\u00fade), Mendon\u00e7a Filho (Educa\u00e7\u00e3o), Dyogo Oliveira (Planejamento) e Osmar Terra (Desenvolvimento Social e Agr\u00e1rio).\u00a0<\/p>\n<p>Todos os requerimentos aprovados hoje s\u00e3o de convites aos ministros do governo interino de Michel Temer.<\/p>\n<p>Tamb\u00e9m ser\u00e3o convidados para participar de audi\u00eancias p\u00fablicas a ministra C\u00e1rmen L\u00facia (do Supremo Tribunal Federal) e o procurador-geral da Rep\u00fablica, Rodrigo Janot, al\u00e9m de professores, economistas e especialistas da \u00e1rea e representantes da sociedade civil, entre eles o presidente da Ordem dos Advogados do Brasil (OAB), Cl\u00e1udio Lamachia.<\/p>\n<p>Durante a reuni\u00e3o, o relator da comiss\u00e3o, deputado Darc\u00edsio Perondi (PMDB-RS), apresentou o plano de trabalho, que prev\u00ea a realiza\u00e7\u00e3o de audi\u00eancias p\u00fablicas dentro do prazo regimental.\u00a0<\/p>\n<p>Ele reafirmou que pretende apresentar seu parecer para discuss\u00e3o e vota\u00e7a\u00e3o na comiss\u00e3o em meados de setembro. A ideia \u00e9 que a PEC seja aprovada pela C\u00e2mara, em dois turnos, no m\u00eas de outubro. Em seguida, vai \u00e0 aprecia\u00e7\u00e3o do Senado.<\/p>\n<p>A PEC limita os gastos p\u00fablicos por 20 anos e prev\u00ea o crescimento dos gastos p\u00fablicos, em um ano, ao \u00edndice de infla\u00e7\u00e3o do ano anterior. Ela objetiva equilibrar as contas do governo. A proposta atinge os poderes Executivo, Legislativo e Judici\u00e1rio.<\/p>\n<p>Na reuni\u00e3o de hoje foram eleitos como 1\u00ba, 2\u00ba e 3\u00ba vice-presidentes os deputados S\u00edlvio Torres (PSDB-SP), Altineu C\u00f4rtes (PMDB-RJ) e Victor Mendes (PSD-MA), respectivamente.<\/p>\n<p>Fonte: Exame<\/p>\n","protected":false},"excerpt":{"rendered":"<p>O ministro da Fazenda, Henrique Meirelles, participa na quarta-feira (24), \u00e0s 9h30m, da primeira audi\u00eancia p\u00fablica da comiss\u00e3o especial da C\u00e2mara\u00a0que analisa a proposta de&#8230;<\/p>\n","protected":false},"author":1182,"featured_media":19487,"comment_status":"closed","ping_status":"closed","sticky":false,"template":"","format":"standard","meta":{"footnotes":""},"categories":[6],"tags":[],"class_list":["post-20576","post","type-post","status-publish","format-standard","has-post-thumbnail","hentry","category-noticias"],"_links":{"self":[{"href":"https:\/\/www.sincomam.org.br\/index.php\/wp-json\/wp\/v2\/posts\/20576","targetHints":{"allow":["GET"]}}],"collection":[{"href":"https:\/\/www.sincomam.org.br\/index.php\/wp-json\/wp\/v2\/posts"}],"about":[{"href":"https:\/\/www.sincomam.org.br\/index.php\/wp-json\/wp\/v2\/types\/post"}],"author":[{"embeddable":true,"href":"https:\/\/www.sincomam.org.br\/index.php\/wp-json\/wp\/v2\/users\/1182"}],"replies":[{"embeddable":true,"href":"https:\/\/www.sincomam.org.br\/index.php\/wp-json\/wp\/v2\/comments?post=20576"}],"version-history":[{"count":1,"href":"https:\/\/www.sincomam.org.br\/index.php\/wp-json\/wp\/v2\/posts\/20576\/revisions"}],"predecessor-version":[{"id":20577,"href":"https:\/\/www.sincomam.org.br\/index.php\/wp-json\/wp\/v2\/posts\/20576\/revisions\/20577"}],"wp:featuredmedia":[{"embeddable":true,"href":"https:\/\/www.sincomam.org.br\/index.php\/wp-json\/wp\/v2\/media\/19487"}],"wp:attachment":[{"href":"https:\/\/www.sincomam.org.br\/index.php\/wp-json\/wp\/v2\/media?parent=20576"}],"wp:term":[{"taxonomy":"category","embeddable":true,"href":"https:\/\/www.sincomam.org.br\/index.php\/wp-json\/wp\/v2\/categories?post=20576"},{"taxonomy":"post_tag","embeddable":true,"href":"https:\/\/www.sincomam.org.br\/index.php\/wp-json\/wp\/v2\/tags?post=20576"}],"curies":[{"name":"wp","href":"https:\/\/api.w.org\/{rel}","templated":true}]}}