{"id":20568,"date":"2016-08-23T00:10:52","date_gmt":"2016-08-23T03:10:52","guid":{"rendered":"http:\/\/www.sincomam.org.br\/?p=20568"},"modified":"2016-08-22T20:32:48","modified_gmt":"2016-08-22T23:32:48","slug":"delacao-de-leo-pinheiro-e-cancelada-por-vazamento-de-dados","status":"publish","type":"post","link":"https:\/\/www.sincomam.org.br\/index.php\/delacao-de-leo-pinheiro-e-cancelada-por-vazamento-de-dados\/","title":{"rendered":"Dela\u00e7\u00e3o de L\u00e9o Pinheiro \u00e9 cancelada por vazamento de dados"},"content":{"rendered":"<p>A Procuradoria-Geral da Rep\u00fablica suspendeu as negocia\u00e7\u00f5es de dela\u00e7\u00e3o premiada do ex-presidente da OAS, L\u00e9o Pinheiro. A informa\u00e7\u00e3o foi revelada pelo jornal O Globo nesta segunda-feira, 22, e confirmada pela reportagem.<\/p>\n<p>A determina\u00e7\u00e3o veio do procurador-geral da Rep\u00fablica, Rodrigo Janot, ap\u00f3s vazamento de informa\u00e7\u00f5es sobre as tratativas entre o empres\u00e1rio e os investigadores da Lava Jato.<\/p>\n<div id=\"virool-opportunity-pixel\"><\/div>\n<p>No final de semana, a revista Veja revelou que o ministro do Supremo Tribunal Federal (STF), Dias Toffoli, \u00e9 citado na proposta de dela\u00e7\u00e3o de Pinheiro.\u00a0<\/p>\n<p>Segundo investigadores com acesso ao caso, a informa\u00e7\u00e3o n\u00e3o consta em nenhum anexo &#8211; como s\u00e3o chamados os documentos pr\u00e9vios \u00e0 celebra\u00e7\u00e3o do acordo de colabora\u00e7\u00e3o, nos quais o delator informa o que vai contar.<\/p>\n<p>O vazamento da informa\u00e7\u00e3o deixou Janot muito incomodado, segundo fontes ligadas \u00e0 PGR. O vazamento das informa\u00e7\u00f5es \u00e9 interpretado pela procuradoria como uma forma de press\u00e3o para concluir o acordo, que pode beneficiar Pinheiro.<\/p>\n<p>A dela\u00e7\u00e3o de L\u00e9o Pinheiro tem sido uma das mais complicadas desde o in\u00edcio da investiga\u00e7\u00e3o, mas nas \u00faltimas semanas avan\u00e7ou ap\u00f3s a assinatura de um acordo de confidencialidade entre as partes. Agora, as tratativas foram rompidas.<\/p>\n<p>De acordo com a reportagem da revista Veja, Toffoli recorreu a uma empresa indicada por L\u00e9o Pinheiro para realizar uma obra em sua casa em Bras\u00edlia.\u00a0<\/p>\n<p>Ainda segundo a reportagem, o executivo da OAS informou que o pr\u00f3prio ministro teria custeado as despesas. Ao Estado, Toffoli disse que n\u00e3o possui rela\u00e7\u00e3o de intimidade com L\u00e9o Pinheiro e que pagou pelas reformas realizadas em sua resid\u00eancia.<\/p>\n","protected":false},"excerpt":{"rendered":"<p>A Procuradoria-Geral da Rep\u00fablica suspendeu as negocia\u00e7\u00f5es de dela\u00e7\u00e3o premiada do ex-presidente da OAS, L\u00e9o Pinheiro. A informa\u00e7\u00e3o foi revelada pelo jornal O Globo nesta&#8230;<\/p>\n","protected":false},"author":1182,"featured_media":20569,"comment_status":"closed","ping_status":"closed","sticky":false,"template":"","format":"standard","meta":{"footnotes":""},"categories":[6],"tags":[],"class_list":["post-20568","post","type-post","status-publish","format-standard","has-post-thumbnail","hentry","category-noticias"],"_links":{"self":[{"href":"https:\/\/www.sincomam.org.br\/index.php\/wp-json\/wp\/v2\/posts\/20568","targetHints":{"allow":["GET"]}}],"collection":[{"href":"https:\/\/www.sincomam.org.br\/index.php\/wp-json\/wp\/v2\/posts"}],"about":[{"href":"https:\/\/www.sincomam.org.br\/index.php\/wp-json\/wp\/v2\/types\/post"}],"author":[{"embeddable":true,"href":"https:\/\/www.sincomam.org.br\/index.php\/wp-json\/wp\/v2\/users\/1182"}],"replies":[{"embeddable":true,"href":"https:\/\/www.sincomam.org.br\/index.php\/wp-json\/wp\/v2\/comments?post=20568"}],"version-history":[{"count":1,"href":"https:\/\/www.sincomam.org.br\/index.php\/wp-json\/wp\/v2\/posts\/20568\/revisions"}],"predecessor-version":[{"id":20570,"href":"https:\/\/www.sincomam.org.br\/index.php\/wp-json\/wp\/v2\/posts\/20568\/revisions\/20570"}],"wp:featuredmedia":[{"embeddable":true,"href":"https:\/\/www.sincomam.org.br\/index.php\/wp-json\/wp\/v2\/media\/20569"}],"wp:attachment":[{"href":"https:\/\/www.sincomam.org.br\/index.php\/wp-json\/wp\/v2\/media?parent=20568"}],"wp:term":[{"taxonomy":"category","embeddable":true,"href":"https:\/\/www.sincomam.org.br\/index.php\/wp-json\/wp\/v2\/categories?post=20568"},{"taxonomy":"post_tag","embeddable":true,"href":"https:\/\/www.sincomam.org.br\/index.php\/wp-json\/wp\/v2\/tags?post=20568"}],"curies":[{"name":"wp","href":"https:\/\/api.w.org\/{rel}","templated":true}]}}