{"id":20562,"date":"2016-08-22T00:30:06","date_gmt":"2016-08-22T03:30:06","guid":{"rendered":"http:\/\/www.sincomam.org.br\/?p=20562"},"modified":"2016-08-21T14:08:10","modified_gmt":"2016-08-21T17:08:10","slug":"projeto-prorroga-para-2022-isencao-do-adicional-de-frete-para-empresas-de-navegacao","status":"publish","type":"post","link":"https:\/\/www.sincomam.org.br\/index.php\/projeto-prorroga-para-2022-isencao-do-adicional-de-frete-para-empresas-de-navegacao\/","title":{"rendered":"Projeto prorroga para 2022 isen\u00e7\u00e3o do adicional de frete para empresas de navega\u00e7\u00e3o"},"content":{"rendered":"<p>A C\u00e2mara dos Deputados analisa proposta que prorroga para 2022 a isen\u00e7\u00e3o do Adicional ao Frete para a Renova\u00e7\u00e3o da Marinha Mercante (AFRMM) para as mercadorias com origem ou destino final nas regi\u00f5es norte ou nordeste.<\/p>\n<p>A medida est\u00e1 prevista no Projeto de Lei 5758\/16, do deputado Walter Alves (PMDB-RN). Pelas regras atuais, esse benef\u00edcio tribut\u00e1rio expiraria em 8 janeiro de 2017.<\/p>\n<p>O AFRMM incide sobre o frete das empresas de navega\u00e7\u00e3o que operam em portos brasileiros, atingindo a navega\u00e7\u00e3o de longo curso, de cabotagem, fluvial e lacustre. A al\u00edquota pode chegar a 40%, para opera\u00e7\u00e3o de navega\u00e7\u00e3o fluvial e lacustre que envolver o transporte de gran\u00e9is l\u00edquidos em estados do norte ou nordeste.<\/p>\n<p>De acordo com o autor, a n\u00e3o incid\u00eancia do AFRMM mant\u00e9m \u201ca competitividade das regi\u00f5es mais isoladas do eixo produtivo, permitindo a inclus\u00e3o econ\u00f4mica destas zonas do territ\u00f3rio\u201d.<\/p>\n<p>Tramita\u00e7\u00e3o<br \/>A proposta ser\u00e1 analisada de forma conclusiva pelas comiss\u00f5es de Via\u00e7\u00e3o e Transportes; de Integra\u00e7\u00e3o Nacional, Desenvolvimento Regional e da Amaz\u00f4nia; de Finan\u00e7as e Tributa\u00e7\u00e3o; e de Constitui\u00e7\u00e3o e Justi\u00e7a e de Cidadania.<\/p>\n<p>\u00cdNTEGRA DA PROPOSTA:<\/p>\n<p>PL-5758\/2016<\/p>\n<p>Fonte: Ag\u00eancia Senado<\/p>\n","protected":false},"excerpt":{"rendered":"<p>A C\u00e2mara dos Deputados analisa proposta que prorroga para 2022 a isen\u00e7\u00e3o do Adicional ao Frete para a Renova\u00e7\u00e3o da Marinha Mercante (AFRMM) para as&#8230;<\/p>\n","protected":false},"author":1182,"featured_media":18514,"comment_status":"closed","ping_status":"closed","sticky":false,"template":"","format":"standard","meta":{"footnotes":""},"categories":[6],"tags":[],"class_list":["post-20562","post","type-post","status-publish","format-standard","has-post-thumbnail","hentry","category-noticias"],"_links":{"self":[{"href":"https:\/\/www.sincomam.org.br\/index.php\/wp-json\/wp\/v2\/posts\/20562","targetHints":{"allow":["GET"]}}],"collection":[{"href":"https:\/\/www.sincomam.org.br\/index.php\/wp-json\/wp\/v2\/posts"}],"about":[{"href":"https:\/\/www.sincomam.org.br\/index.php\/wp-json\/wp\/v2\/types\/post"}],"author":[{"embeddable":true,"href":"https:\/\/www.sincomam.org.br\/index.php\/wp-json\/wp\/v2\/users\/1182"}],"replies":[{"embeddable":true,"href":"https:\/\/www.sincomam.org.br\/index.php\/wp-json\/wp\/v2\/comments?post=20562"}],"version-history":[{"count":1,"href":"https:\/\/www.sincomam.org.br\/index.php\/wp-json\/wp\/v2\/posts\/20562\/revisions"}],"predecessor-version":[{"id":20563,"href":"https:\/\/www.sincomam.org.br\/index.php\/wp-json\/wp\/v2\/posts\/20562\/revisions\/20563"}],"wp:featuredmedia":[{"embeddable":true,"href":"https:\/\/www.sincomam.org.br\/index.php\/wp-json\/wp\/v2\/media\/18514"}],"wp:attachment":[{"href":"https:\/\/www.sincomam.org.br\/index.php\/wp-json\/wp\/v2\/media?parent=20562"}],"wp:term":[{"taxonomy":"category","embeddable":true,"href":"https:\/\/www.sincomam.org.br\/index.php\/wp-json\/wp\/v2\/categories?post=20562"},{"taxonomy":"post_tag","embeddable":true,"href":"https:\/\/www.sincomam.org.br\/index.php\/wp-json\/wp\/v2\/tags?post=20562"}],"curies":[{"name":"wp","href":"https:\/\/api.w.org\/{rel}","templated":true}]}}