{"id":20560,"date":"2016-08-22T00:20:33","date_gmt":"2016-08-22T03:20:33","guid":{"rendered":"http:\/\/www.sincomam.org.br\/?p=20560"},"modified":"2016-08-21T14:06:48","modified_gmt":"2016-08-21T17:06:48","slug":"meirelles-preve-aumento-de-arrecadacao-tributaria-de-45-bi","status":"publish","type":"post","link":"https:\/\/www.sincomam.org.br\/index.php\/meirelles-preve-aumento-de-arrecadacao-tributaria-de-45-bi\/","title":{"rendered":"Meirelles prev\u00ea aumento de arrecada\u00e7\u00e3o tribut\u00e1ria de 45 bi"},"content":{"rendered":"<p>O ministro da Fazenda, Henrique Meirelles, afirmou em entrevista \u00e0 revista Veja deste fim de semana que o governo prev\u00ea um aumento da arrecada\u00e7\u00e3o tribut\u00e1ria de 45 bilh\u00f5es de reais, diante da expectativa de um crescimento da economia al\u00e9m do estimado. O governo tem um buraco de 55 bilh\u00f5es a ser preenchido para alcan\u00e7ar a meta de d\u00e9ficit prim\u00e1rio em 2017 de 139 bilh\u00f5es do governo central (governo federal, Banco Central e Previd\u00eancia).<\/p>\n<p>Na entrevista, o ministro disse acreditar ser poss\u00edvel alcan\u00e7ar a meta sem a necessidade de aumento de impostos, mas reafirmou que a posi\u00e7\u00e3o pode ser alterada mais adiante. Na quarta-feira, o governo federal elevou sua proje\u00e7\u00e3o de crescimento econ\u00f4mico em 2017 para 1,6%, ante 1,2%, mas n\u00e3o quantificou o impacto dessa melhora na arrecada\u00e7\u00e3o.<\/p>\n<p>Fonte: Exame<\/p>\n","protected":false},"excerpt":{"rendered":"<p>O ministro da Fazenda, Henrique Meirelles, afirmou em entrevista \u00e0 revista Veja deste fim de semana que o governo prev\u00ea um aumento da arrecada\u00e7\u00e3o tribut\u00e1ria&#8230;<\/p>\n","protected":false},"author":1182,"featured_media":19487,"comment_status":"closed","ping_status":"closed","sticky":false,"template":"","format":"standard","meta":{"footnotes":""},"categories":[6],"tags":[],"class_list":["post-20560","post","type-post","status-publish","format-standard","has-post-thumbnail","hentry","category-noticias"],"_links":{"self":[{"href":"https:\/\/www.sincomam.org.br\/index.php\/wp-json\/wp\/v2\/posts\/20560","targetHints":{"allow":["GET"]}}],"collection":[{"href":"https:\/\/www.sincomam.org.br\/index.php\/wp-json\/wp\/v2\/posts"}],"about":[{"href":"https:\/\/www.sincomam.org.br\/index.php\/wp-json\/wp\/v2\/types\/post"}],"author":[{"embeddable":true,"href":"https:\/\/www.sincomam.org.br\/index.php\/wp-json\/wp\/v2\/users\/1182"}],"replies":[{"embeddable":true,"href":"https:\/\/www.sincomam.org.br\/index.php\/wp-json\/wp\/v2\/comments?post=20560"}],"version-history":[{"count":1,"href":"https:\/\/www.sincomam.org.br\/index.php\/wp-json\/wp\/v2\/posts\/20560\/revisions"}],"predecessor-version":[{"id":20561,"href":"https:\/\/www.sincomam.org.br\/index.php\/wp-json\/wp\/v2\/posts\/20560\/revisions\/20561"}],"wp:featuredmedia":[{"embeddable":true,"href":"https:\/\/www.sincomam.org.br\/index.php\/wp-json\/wp\/v2\/media\/19487"}],"wp:attachment":[{"href":"https:\/\/www.sincomam.org.br\/index.php\/wp-json\/wp\/v2\/media?parent=20560"}],"wp:term":[{"taxonomy":"category","embeddable":true,"href":"https:\/\/www.sincomam.org.br\/index.php\/wp-json\/wp\/v2\/categories?post=20560"},{"taxonomy":"post_tag","embeddable":true,"href":"https:\/\/www.sincomam.org.br\/index.php\/wp-json\/wp\/v2\/tags?post=20560"}],"curies":[{"name":"wp","href":"https:\/\/api.w.org\/{rel}","templated":true}]}}