{"id":20540,"date":"2016-08-17T08:31:01","date_gmt":"2016-08-17T11:31:01","guid":{"rendered":"http:\/\/www.sincomam.org.br\/?p=20540"},"modified":"2016-08-17T08:31:01","modified_gmt":"2016-08-17T11:31:01","slug":"governadores-entregarao-carta-a-temer-para-endossar-pedido","status":"publish","type":"post","link":"https:\/\/www.sincomam.org.br\/index.php\/governadores-entregarao-carta-a-temer-para-endossar-pedido\/","title":{"rendered":"Governadores entregar\u00e3o carta a Temer para endossar pedido"},"content":{"rendered":"<div data-template-placeholder=\"content-placeholder\">\n<p>Para endossar o apoio que pediram ao presidente em exerc\u00edcio, Michel Temer\u00a0\u00a0por mais ajuda da Uni\u00e3o aos Estados do Norte e Nordeste, os governadores\u00a0da regi\u00e3o entregaram uma nova carta com suas reivindica\u00e7\u00f5es. De acordo com grupo, que agora conta com o apoio tamb\u00e9m do Centro-Oeste, j\u00e1 h\u00e1 entendimentos iniciados.<\/p>\n<p>A carta entregue \u00e0 Temer tem tr\u00eas propostas: ajuda emergencial atrav\u00e9s de uma medida provis\u00f3ria nos mesmos moldes da feita para auxiliar o Rio de Janeiro.\u00a0<\/p>\n<p>Os governadores pediram ainda a destina\u00e7\u00e3o de 2 pontos percentuais, do fundo de participa\u00e7\u00e3o da Uni\u00e3o, uma proposta &#8220;semelhante \u00e0 concedida aos munic\u00edpios, sendo 1 pp em 2017 e 2 pp em 2018 e nos anos seguintes, com pagamentos em julho e dezembro de cada ano.<\/p>\n<p>A carta traz ainda um pedido de amplia\u00e7\u00e3o do limite para opera\u00e7\u00f5es de cr\u00e9dito, permitindo que os Estados possam ampliar investimentos em infraestrutura e gerar empregos.\u00a0<\/p>\n<p>Pela proposta, a capta\u00e7\u00e3o de recursos ser\u00e1 feita pela Uni\u00e3o, que ficar\u00e1 respons\u00e1vel por repassar aos Estados, assumindo os entes da federa\u00e7\u00e3o a obriga\u00e7\u00e3o de pagamento de 50% do volume recebido, com respectivos juros e encargos e varia\u00e7\u00e3o cambial.<\/p>\n<p>Segundo os governadores, o presidente garantiu que, em duas semanas, responder\u00e1 ao pleito, o que eles entenderam como uma sinaliza\u00e7\u00e3o positiva.\u00a0<\/p>\n<p>&#8220;Com as tr\u00eas propostas, acreditamos que Vossa Excel\u00eancia evitar\u00e1 um colapso nos nossos Estados e contribuir\u00e1 fortemente para a retomada do crescimento econ\u00f4mico, completando as medidas para conten\u00e7\u00e3o dos gastos e alongamento das d\u00edvidas&#8221;, diz a carta.<\/p>\n<p>O documento entregue ao presidente afirma ainda que os governadores manifestaram, junto \u00e0s suas bancadas, apoio para a prova\u00e7\u00e3o do Projeto de Lei que renegocia as d\u00edvidas estaduais.\u00a0<\/p>\n<p>&#8220;Compreendemos tal medida como necess\u00e1ria para evitar o colapso nos servi\u00e7os p\u00fablicos e para recuperar a capacidade de investimento. Avaliamos ainda como positivo os avan\u00e7os na dire\u00e7\u00e3o de um texto que respeita a autonomia dos Estados&#8221;, diz a carta numa clara referencia \u00e0 retirada de uma das contrapartidas exigidas pela Uni\u00e3o.<\/p>\n<p>fonte: Exame<\/p>\n<div><\/div>\n<\/div>\n","protected":false},"excerpt":{"rendered":"<p>Para endossar o apoio que pediram ao presidente em exerc\u00edcio, Michel Temer\u00a0\u00a0por mais ajuda da Uni\u00e3o aos Estados do Norte e Nordeste, os governadores\u00a0da regi\u00e3o&#8230;<\/p>\n","protected":false},"author":1182,"featured_media":19480,"comment_status":"closed","ping_status":"closed","sticky":false,"template":"","format":"standard","meta":{"footnotes":""},"categories":[6],"tags":[],"class_list":["post-20540","post","type-post","status-publish","format-standard","has-post-thumbnail","hentry","category-noticias"],"_links":{"self":[{"href":"https:\/\/www.sincomam.org.br\/index.php\/wp-json\/wp\/v2\/posts\/20540","targetHints":{"allow":["GET"]}}],"collection":[{"href":"https:\/\/www.sincomam.org.br\/index.php\/wp-json\/wp\/v2\/posts"}],"about":[{"href":"https:\/\/www.sincomam.org.br\/index.php\/wp-json\/wp\/v2\/types\/post"}],"author":[{"embeddable":true,"href":"https:\/\/www.sincomam.org.br\/index.php\/wp-json\/wp\/v2\/users\/1182"}],"replies":[{"embeddable":true,"href":"https:\/\/www.sincomam.org.br\/index.php\/wp-json\/wp\/v2\/comments?post=20540"}],"version-history":[{"count":1,"href":"https:\/\/www.sincomam.org.br\/index.php\/wp-json\/wp\/v2\/posts\/20540\/revisions"}],"predecessor-version":[{"id":20541,"href":"https:\/\/www.sincomam.org.br\/index.php\/wp-json\/wp\/v2\/posts\/20540\/revisions\/20541"}],"wp:featuredmedia":[{"embeddable":true,"href":"https:\/\/www.sincomam.org.br\/index.php\/wp-json\/wp\/v2\/media\/19480"}],"wp:attachment":[{"href":"https:\/\/www.sincomam.org.br\/index.php\/wp-json\/wp\/v2\/media?parent=20540"}],"wp:term":[{"taxonomy":"category","embeddable":true,"href":"https:\/\/www.sincomam.org.br\/index.php\/wp-json\/wp\/v2\/categories?post=20540"},{"taxonomy":"post_tag","embeddable":true,"href":"https:\/\/www.sincomam.org.br\/index.php\/wp-json\/wp\/v2\/tags?post=20540"}],"curies":[{"name":"wp","href":"https:\/\/api.w.org\/{rel}","templated":true}]}}