{"id":20528,"date":"2016-08-16T10:36:16","date_gmt":"2016-08-16T13:36:16","guid":{"rendered":"http:\/\/sincomam.org.br\/?p=20528"},"modified":"2016-08-16T10:36:16","modified_gmt":"2016-08-16T13:36:16","slug":"michel-temer-nao-vai-a-cerimonia-de-encerramento-da-rio-2016","status":"publish","type":"post","link":"https:\/\/www.sincomam.org.br\/index.php\/michel-temer-nao-vai-a-cerimonia-de-encerramento-da-rio-2016\/","title":{"rendered":"Michel Temer n\u00e3o vai \u00e0 cerim\u00f4nia de encerramento da Rio 2016"},"content":{"rendered":"<p>Ap\u00f3s ser vaiado durante sua r\u00e1pida participa\u00e7\u00e3o na cerim\u00f4nia de abertura da Ol\u00edmpiada, o presidente interino Michel Temer\u00a0n\u00e3o deve comparecer no encerramento dos Jogos Ol\u00edmpicos Rio 2016, na semana que vem.<\/p>\n<p>A solenidade ter\u00e1 a presen\u00e7a do primeiro-ministro do Jap\u00e3o, Shinzo Abe, e da nova prefeita de T\u00f3quio, Yuriko Koike, pois a cidade japonesa vai sediar a pr\u00f3xima edi\u00e7\u00e3o da Olimp\u00edada.<\/p>\n<p>Interlocutores de Temer dizem que ele tomou a decis\u00e3o depois de consultar o Minist\u00e9rio das Rela\u00e7\u00f5es Exteriores sobre a participa\u00e7\u00e3o dos chefes de Estado locais nas \u00faltimas cerim\u00f4nias que encerraram os jogos, em Londres (2012), Pequim (2008) e Atenas (2004).<\/p>\n<p>Em resposta, o Itamaraty\u00a0informou que n\u00e3o \u00e9 praxe dos presidentes dos pa\u00edses comparecerem ao encerramento e apenas da abertura.<\/p>\n<p>Na \u00faltima sexta-feira (12), em entrevista a jornalistas, o presidente interino disse que &#8220;deveria ir&#8221; \u00e0 cerim\u00f4nia. Para represent\u00e1-lo, Temer deve convidar o presidente da C\u00e2mara, Rodrigo Maia.<\/p>\n<p>O evento est\u00e1 marcado para domingo (21), \u00e0s 19h15, no Maracan\u00e3. Apesar de n\u00e3o comparecer ao est\u00e1dio, o presidente interino poder\u00e1 ter um encontro bilateral com o primeiro-ministro japon\u00eas durante a r\u00e1pida passagem de Abe pelo Brasil.<\/p>\n<p>Fonte: Exame<\/p>\n","protected":false},"excerpt":{"rendered":"<p>Ap\u00f3s ser vaiado durante sua r\u00e1pida participa\u00e7\u00e3o na cerim\u00f4nia de abertura da Ol\u00edmpiada, o presidente interino Michel Temer\u00a0n\u00e3o deve comparecer no encerramento dos Jogos Ol\u00edmpicos&#8230;<\/p>\n","protected":false},"author":1182,"featured_media":19480,"comment_status":"closed","ping_status":"closed","sticky":false,"template":"","format":"standard","meta":{"footnotes":""},"categories":[6],"tags":[],"class_list":["post-20528","post","type-post","status-publish","format-standard","has-post-thumbnail","hentry","category-noticias"],"_links":{"self":[{"href":"https:\/\/www.sincomam.org.br\/index.php\/wp-json\/wp\/v2\/posts\/20528","targetHints":{"allow":["GET"]}}],"collection":[{"href":"https:\/\/www.sincomam.org.br\/index.php\/wp-json\/wp\/v2\/posts"}],"about":[{"href":"https:\/\/www.sincomam.org.br\/index.php\/wp-json\/wp\/v2\/types\/post"}],"author":[{"embeddable":true,"href":"https:\/\/www.sincomam.org.br\/index.php\/wp-json\/wp\/v2\/users\/1182"}],"replies":[{"embeddable":true,"href":"https:\/\/www.sincomam.org.br\/index.php\/wp-json\/wp\/v2\/comments?post=20528"}],"version-history":[{"count":1,"href":"https:\/\/www.sincomam.org.br\/index.php\/wp-json\/wp\/v2\/posts\/20528\/revisions"}],"predecessor-version":[{"id":20529,"href":"https:\/\/www.sincomam.org.br\/index.php\/wp-json\/wp\/v2\/posts\/20528\/revisions\/20529"}],"wp:featuredmedia":[{"embeddable":true,"href":"https:\/\/www.sincomam.org.br\/index.php\/wp-json\/wp\/v2\/media\/19480"}],"wp:attachment":[{"href":"https:\/\/www.sincomam.org.br\/index.php\/wp-json\/wp\/v2\/media?parent=20528"}],"wp:term":[{"taxonomy":"category","embeddable":true,"href":"https:\/\/www.sincomam.org.br\/index.php\/wp-json\/wp\/v2\/categories?post=20528"},{"taxonomy":"post_tag","embeddable":true,"href":"https:\/\/www.sincomam.org.br\/index.php\/wp-json\/wp\/v2\/tags?post=20528"}],"curies":[{"name":"wp","href":"https:\/\/api.w.org\/{rel}","templated":true}]}}