{"id":20526,"date":"2016-08-16T10:33:05","date_gmt":"2016-08-16T13:33:05","guid":{"rendered":"http:\/\/sincomam.org.br\/?p=20526"},"modified":"2016-08-16T10:33:05","modified_gmt":"2016-08-16T13:33:05","slug":"planalto-vai-apurar-sumico-da-faixa-presidencial","status":"publish","type":"post","link":"https:\/\/www.sincomam.org.br\/index.php\/planalto-vai-apurar-sumico-da-faixa-presidencial\/","title":{"rendered":"Planalto vai apurar sumi\u00e7o da faixa presidencial"},"content":{"rendered":"<p>A Secretaria de Administra\u00e7\u00e3o da Presid\u00eancia da Rep\u00fablica instaurou processo de sindic\u00e2ncia para identificar e punir os respons\u00e1veis pelo desaparecimento da faixa presidencial e de presentes recebidos pelo ex-presidente Luiz In\u00e1cio Lula da Silva\u00a0e pela presidente afastada Dilma Rousseff, que n\u00e3o se encontram no acervo do Pal\u00e1cio do Planalto.<\/p>\n<p>Levantamento feito no Planalto, ap\u00f3s o pedido do Tribunal de Contas da Uni\u00e3o (TCU), que apura o extravio dos presentes, constatou que a faixa presidencial n\u00e3o est\u00e1 depositada no cofre da Presid\u00eancia como deveria.<\/p>\n<p>O sumi\u00e7o foi revelado pela revista Veja no fim de semana. Segundo informa\u00e7\u00f5es extraoficiais que chegaram ao governo, a faixa tamb\u00e9m n\u00e3o est\u00e1 no Pal\u00e1cio da Alvorada.<\/p>\n<p>A nova faixa, comprada em 2007 por R$ 55 mil, foi usada por Lula pela primeira vez nas comemora\u00e7\u00f5es do Dia da Independ\u00eancia, em 2008.<\/p>\n<p>No fim de semana, nota da assessoria de Dilma afirmou que ser\u00e3o avaliadas &#8220;medidas legais cab\u00edveis&#8221; contra quem cabe a guarda da faixa, que \u00e9 o Planalto.<\/p>\n<h3><b>Carta<\/b><\/h3>\n<p>Ap\u00f3s idas e vindas, a presidente afastada decidiu deixar de lado o conselho de aliados e vai, novamente, se referir ao processo de impeachment como um &#8220;golpe&#8221; na carta que ser\u00e1 divulgada nesta ter\u00e7a-feira, 16, aos senadores.<\/p>\n<p>Prestes a perder o mandato, Dilma quer deixar o documento como um registro hist\u00f3rico de sua resist\u00eancia e causar constrangimento ao presidente em exerc\u00edcio Michel Temer.<\/p>\n<p>At\u00e9 a segunda-feira, 15, o texto escrito por Dilma tinha cinco p\u00e1ginas, mas ela disse a interlocutores que iria reduzi-lo. Faz mais de um m\u00eas que a presidente afastada tem encaixado e depois exclu\u00eddo propostas de suas anota\u00e7\u00f5es. Pelo menos cinco vers\u00f5es diferentes j\u00e1 foram discutidas.<\/p>\n<p>Fonte:\u00a0O Estado de S. Paulo.<\/p>\n","protected":false},"excerpt":{"rendered":"<p>A Secretaria de Administra\u00e7\u00e3o da Presid\u00eancia da Rep\u00fablica instaurou processo de sindic\u00e2ncia para identificar e punir os respons\u00e1veis pelo desaparecimento da faixa presidencial e de&#8230;<\/p>\n","protected":false},"author":1182,"featured_media":18040,"comment_status":"closed","ping_status":"closed","sticky":false,"template":"","format":"standard","meta":{"footnotes":""},"categories":[6],"tags":[],"class_list":["post-20526","post","type-post","status-publish","format-standard","has-post-thumbnail","hentry","category-noticias"],"_links":{"self":[{"href":"https:\/\/www.sincomam.org.br\/index.php\/wp-json\/wp\/v2\/posts\/20526","targetHints":{"allow":["GET"]}}],"collection":[{"href":"https:\/\/www.sincomam.org.br\/index.php\/wp-json\/wp\/v2\/posts"}],"about":[{"href":"https:\/\/www.sincomam.org.br\/index.php\/wp-json\/wp\/v2\/types\/post"}],"author":[{"embeddable":true,"href":"https:\/\/www.sincomam.org.br\/index.php\/wp-json\/wp\/v2\/users\/1182"}],"replies":[{"embeddable":true,"href":"https:\/\/www.sincomam.org.br\/index.php\/wp-json\/wp\/v2\/comments?post=20526"}],"version-history":[{"count":1,"href":"https:\/\/www.sincomam.org.br\/index.php\/wp-json\/wp\/v2\/posts\/20526\/revisions"}],"predecessor-version":[{"id":20527,"href":"https:\/\/www.sincomam.org.br\/index.php\/wp-json\/wp\/v2\/posts\/20526\/revisions\/20527"}],"wp:featuredmedia":[{"embeddable":true,"href":"https:\/\/www.sincomam.org.br\/index.php\/wp-json\/wp\/v2\/media\/18040"}],"wp:attachment":[{"href":"https:\/\/www.sincomam.org.br\/index.php\/wp-json\/wp\/v2\/media?parent=20526"}],"wp:term":[{"taxonomy":"category","embeddable":true,"href":"https:\/\/www.sincomam.org.br\/index.php\/wp-json\/wp\/v2\/categories?post=20526"},{"taxonomy":"post_tag","embeddable":true,"href":"https:\/\/www.sincomam.org.br\/index.php\/wp-json\/wp\/v2\/tags?post=20526"}],"curies":[{"name":"wp","href":"https:\/\/api.w.org\/{rel}","templated":true}]}}