{"id":20520,"date":"2016-08-16T10:18:34","date_gmt":"2016-08-16T13:18:34","guid":{"rendered":"http:\/\/sincomam.org.br\/?p=20520"},"modified":"2016-08-16T10:18:34","modified_gmt":"2016-08-16T13:18:34","slug":"movimentacao-no-pecem-salta-15","status":"publish","type":"post","link":"https:\/\/www.sincomam.org.br\/index.php\/movimentacao-no-pecem-salta-15\/","title":{"rendered":"Movimenta\u00e7\u00e3o no Pec\u00e9m salta 15%"},"content":{"rendered":"<p>O Porto do Pec\u00e9m iniciou o segundo semestre deste ano com aumento de 15% nas movimenta\u00e7\u00f5es de cargas, totalizando 5.067.531 toneladas. O m\u00eas de julho, por exemplo, apresentou incremento de 62%, quando comparado com igual per\u00edodo do ano de 2015.<\/p>\n<p>No que se refere a perfil de navega\u00e7\u00e3o, longo curso continua sendo o mais significante, por\u00e9m a cabotagem apresentou um maior crescimento no acumulado deste ano, com 197%. De acordo com a diretora comercial da Cear\u00e1portos, Rebeca Oliveira, o crescimento \u00e9 resultado, principalmente, do desembarque de min\u00e9rio de ferro e produtos sider\u00fargicos para a Companhia Sider\u00fargica do Pec\u00e9m (CSP), e embarque de sal, farinha de trigo, dentre outros produtos que costumam passar com frequ\u00eancia pelo terminal.<\/p>\n<p><strong>Importador<\/strong><\/p>\n<p>Quando se fala em sentido de navega\u00e7\u00e3o, o Porto do Pec\u00e9m permanece sendo um porto predominantemente importador, totalizando 4.439.683 toneladas movimentadas do total, o que representa um incremento de 13%.<\/p>\n<p>Entretanto, este cen\u00e1rio vem mudando, visto que as exporta\u00e7\u00f5es, neste sete primeiros meses, apresentaram um crescimento de 32%, fechando com 627.849 toneladas enviadas para fora do Pa\u00eds.<\/p>\n<p>Para Rebeca Oliveira, a expectativa \u00e9 de que o resultado do segundo semestre seja melhor que o primeiro semestre.<\/p>\n<p>&#8220;Vamos agora iniciar a nossa safra de frutas e tamb\u00e9m estamos iniciando em breve as exporta\u00e7\u00f5es das placas de a\u00e7o. Esperamos que este semestre supere o primeiro e que a gente finalize o ano com ultrapassando o ano de 2015&#8221;, finalizou.<\/p>\n<p>Localizado no munic\u00edpio de S\u00e3o Gon\u00e7alo do Amarante, o Porto do Pec\u00e9m \u00e9 constitu\u00eddo de tr\u00eas p\u00eders mar\u00edtimos, sendo o primeiro para gran\u00e9is s\u00f3lidos, l\u00edquidos e carga geral n\u00e3o conteinerizada, o segundo) para gran\u00e9is l\u00edquidos e o terceiro (Terminal de M\u00faltiplo Uso &#8211; TMUT) para granel s\u00f3lido, carga geral conteinerizada e n\u00e3o conteinerizada.<\/p>\n<p>Fonte: O Povo (CE)<\/p>\n","protected":false},"excerpt":{"rendered":"<p>O Porto do Pec\u00e9m iniciou o segundo semestre deste ano com aumento de 15% nas movimenta\u00e7\u00f5es de cargas, totalizando 5.067.531 toneladas. O m\u00eas de julho,&#8230;<\/p>\n","protected":false},"author":1182,"featured_media":19265,"comment_status":"closed","ping_status":"closed","sticky":false,"template":"","format":"standard","meta":{"footnotes":""},"categories":[6],"tags":[],"class_list":["post-20520","post","type-post","status-publish","format-standard","has-post-thumbnail","hentry","category-noticias"],"_links":{"self":[{"href":"https:\/\/www.sincomam.org.br\/index.php\/wp-json\/wp\/v2\/posts\/20520","targetHints":{"allow":["GET"]}}],"collection":[{"href":"https:\/\/www.sincomam.org.br\/index.php\/wp-json\/wp\/v2\/posts"}],"about":[{"href":"https:\/\/www.sincomam.org.br\/index.php\/wp-json\/wp\/v2\/types\/post"}],"author":[{"embeddable":true,"href":"https:\/\/www.sincomam.org.br\/index.php\/wp-json\/wp\/v2\/users\/1182"}],"replies":[{"embeddable":true,"href":"https:\/\/www.sincomam.org.br\/index.php\/wp-json\/wp\/v2\/comments?post=20520"}],"version-history":[{"count":1,"href":"https:\/\/www.sincomam.org.br\/index.php\/wp-json\/wp\/v2\/posts\/20520\/revisions"}],"predecessor-version":[{"id":20521,"href":"https:\/\/www.sincomam.org.br\/index.php\/wp-json\/wp\/v2\/posts\/20520\/revisions\/20521"}],"wp:featuredmedia":[{"embeddable":true,"href":"https:\/\/www.sincomam.org.br\/index.php\/wp-json\/wp\/v2\/media\/19265"}],"wp:attachment":[{"href":"https:\/\/www.sincomam.org.br\/index.php\/wp-json\/wp\/v2\/media?parent=20520"}],"wp:term":[{"taxonomy":"category","embeddable":true,"href":"https:\/\/www.sincomam.org.br\/index.php\/wp-json\/wp\/v2\/categories?post=20520"},{"taxonomy":"post_tag","embeddable":true,"href":"https:\/\/www.sincomam.org.br\/index.php\/wp-json\/wp\/v2\/tags?post=20520"}],"curies":[{"name":"wp","href":"https:\/\/api.w.org\/{rel}","templated":true}]}}