{"id":20510,"date":"2016-08-15T00:10:40","date_gmt":"2016-08-15T03:10:40","guid":{"rendered":"http:\/\/www.sincomam.org.br\/?p=20510"},"modified":"2016-08-14T21:58:33","modified_gmt":"2016-08-15T00:58:33","slug":"eduardo-cunha-rebate-acusacao-de-que-teria-ameacado-temer","status":"publish","type":"post","link":"https:\/\/www.sincomam.org.br\/index.php\/eduardo-cunha-rebate-acusacao-de-que-teria-ameacado-temer\/","title":{"rendered":"Eduardo Cunha rebate acusa\u00e7\u00e3o de que teria amea\u00e7ado Temer"},"content":{"rendered":"<div data-template-placeholder=\"content-placeholder\">\n<p>O deputado federal afastado Eduardo Cunha (PMDB-RJ) usou na manh\u00e3 de hoje uma rede social para responder a nota publicada no jornal O Globo.\u00a0<\/p>\n<p>Nela, o colunista Lauro Jardim afirma que Cunha enviou, por meio de um emiss\u00e1rio, uma amea\u00e7a velada ao presidente interino Michel Temer, em busca de ajuda. Pelo Twitter, Cunha classificou a nota como &#8220;mentirosa&#8221;.<\/p>\n<p>&#8220;\u00c9 sempre desagrad\u00e1vel s\u00f3 vir aqui (no Twitter) para ter que desmentir as fofocas que irrespons\u00e1veis publicam&#8221;, escreveu Cunha na rede social. &#8220;N\u00e3o mandei e n\u00e3o mando recados para ningu\u00e9m e a nota \u00e9 planta\u00e7\u00e3o mentirosa&#8221;, acrescentou.<\/p>\n<p>Afastado de suas fun\u00e7\u00f5es na C\u00e2mara, Cunha luta para sobreviver ao processo de cassa\u00e7\u00e3o. A vota\u00e7\u00e3o do processo no plen\u00e1rio da Casa est\u00e1 marcada para 12 de setembro.<\/p>\n<p>Fonte: Exame<\/p>\n<div><\/div>\n<\/div>\n","protected":false},"excerpt":{"rendered":"<p>O deputado federal afastado Eduardo Cunha (PMDB-RJ) usou na manh\u00e3 de hoje uma rede social para responder a nota publicada no jornal O Globo.\u00a0 Nela,&#8230;<\/p>\n","protected":false},"author":1182,"featured_media":18655,"comment_status":"closed","ping_status":"closed","sticky":false,"template":"","format":"standard","meta":{"footnotes":""},"categories":[6],"tags":[],"class_list":["post-20510","post","type-post","status-publish","format-standard","has-post-thumbnail","hentry","category-noticias"],"_links":{"self":[{"href":"https:\/\/www.sincomam.org.br\/index.php\/wp-json\/wp\/v2\/posts\/20510","targetHints":{"allow":["GET"]}}],"collection":[{"href":"https:\/\/www.sincomam.org.br\/index.php\/wp-json\/wp\/v2\/posts"}],"about":[{"href":"https:\/\/www.sincomam.org.br\/index.php\/wp-json\/wp\/v2\/types\/post"}],"author":[{"embeddable":true,"href":"https:\/\/www.sincomam.org.br\/index.php\/wp-json\/wp\/v2\/users\/1182"}],"replies":[{"embeddable":true,"href":"https:\/\/www.sincomam.org.br\/index.php\/wp-json\/wp\/v2\/comments?post=20510"}],"version-history":[{"count":1,"href":"https:\/\/www.sincomam.org.br\/index.php\/wp-json\/wp\/v2\/posts\/20510\/revisions"}],"predecessor-version":[{"id":20511,"href":"https:\/\/www.sincomam.org.br\/index.php\/wp-json\/wp\/v2\/posts\/20510\/revisions\/20511"}],"wp:featuredmedia":[{"embeddable":true,"href":"https:\/\/www.sincomam.org.br\/index.php\/wp-json\/wp\/v2\/media\/18655"}],"wp:attachment":[{"href":"https:\/\/www.sincomam.org.br\/index.php\/wp-json\/wp\/v2\/media?parent=20510"}],"wp:term":[{"taxonomy":"category","embeddable":true,"href":"https:\/\/www.sincomam.org.br\/index.php\/wp-json\/wp\/v2\/categories?post=20510"},{"taxonomy":"post_tag","embeddable":true,"href":"https:\/\/www.sincomam.org.br\/index.php\/wp-json\/wp\/v2\/tags?post=20510"}],"curies":[{"name":"wp","href":"https:\/\/api.w.org\/{rel}","templated":true}]}}